{"id":1,"date":"2020-06-02T17:22:42","date_gmt":"2020-06-02T17:22:42","guid":{"rendered":"http:\/\/rededentz1.hospedagemdesites.ws\/blog\/?p=1"},"modified":"2021-05-28T15:15:02","modified_gmt":"2021-05-28T18:15:02","slug":"aparelhos-ortodonticos-nao-sao-os-viloes","status":"publish","type":"post","link":"https:\/\/rededentz.com.br\/blog\/aparelhos-ortodonticos-nao-sao-os-viloes\/","title":{"rendered":"Aparelhos Ortod\u00f4nticos N\u00e3o S\u00e3o Os Vil\u00f5es"},"content":{"rendered":"\n<p style=\"color:#414042\" class=\"has-text-color\" align=\"justify\">Confira aqui no post que Aparelhos Ortod\u00f4nticos n\u00e3o s\u00e3o os vil\u00f5es. Saiba quando usar, como usar, o que pode e o que n\u00e3o pode fazer durante o tratamento.<\/p>\n\n\n\n<p style=\"color:#414042\" class=\"has-text-color\" align=\"justify\">Para muitas pessoas ter dentes tortos ou desalinhados compromete apenas a est\u00e9tica do sorriso. S\u00f3 que n\u00e3o!<\/p>\n\n\n\n<p style=\"color:#414042\" class=\"has-text-color\" align=\"justify\">Al\u00e9m de serem dif\u00edceis de&nbsp;manter limpos, podem causar c\u00e1ries e serem perdidos precocemente por conta da&nbsp;deteriora\u00e7\u00e3o&nbsp;e da doen\u00e7a&nbsp;periodontal (uma doen\u00e7a infecta inflamat\u00f3ria que afeta a gengiva, o ligamento e osso). E mais, interferem seriamente no desenvolvimento dos maxilares, na mastiga\u00e7\u00e3o, na sobrecarga da articula\u00e7\u00e3o e m\u00fasculos da face, e desencadeia a s\u00edndrome de ATM (disfun\u00e7\u00e3o da articula\u00e7\u00e3o temporomandibular, respons\u00e1vel por mover a mand\u00edbula para frente, para tr\u00e1s&nbsp;e&nbsp;para os lados) que pode causar dores no maxilar, dificuldade de mastigar e estalos ou travamentos das articula\u00e7\u00f5es da mand\u00edbula; gastrite, pris\u00e3o de ventre, dores de cabe\u00e7a, ombros, costas e pesco\u00e7o e at\u00e9 o comprometimento da fala.<\/p>\n\n\n\n<p style=\"color:#414042\" class=\"has-text-color\" align=\"justify\">Uma s\u00e9rie de problemas que nem sempre associamos ao mau posicionamento dos dentes, n\u00e3o\n\u00e9 mesmo?<\/p>\n\n\n\n<h3 class=\"wp-block-heading\">QUAIS OS TIPOS DE APARELHOS ORTOD\u00d4NTICOS<\/h3>\n\n\n\n<p style=\"color:#414042\" class=\"has-text-color\" align=\"justify\">Vamos simplificar, existem apenas dois tipos de aparelhos ortod\u00f4nticos: o <a href=\"..\/..\/tratamentos\/ortodontia-e-aparelhos.html\" target=\"blank\" rel=\"noopener noreferrer\"><strong style=\"color:#2b11db\">aparelho convencional fixo<\/strong><\/a> e o <a href=\"..\/..\/tratamentos\/ortodontia-e-aparelhos.html\" target=\"blank\" rel=\"noopener noreferrer\"><strong style=\"color:#2b11db\">aparelho convencional m\u00f3vel<\/strong><\/a>.<br><br>O que muda s\u00e3o os materiais empregados na confec\u00e7\u00e3o das estruturas desses aparelhos, por exemplo, pode-se encontrar: <br><br>&#8211; Aparelho convencional met\u00e1lico, aparelho convencional de porcelana, aparelho convencional de safira, aparelho convencional Moretti, aparelho convencional est\u00e9tico e outras varia\u00e7\u00f5es.<\/p>\n\n\n\n<h3 class=\"wp-block-heading\">COMO \u00c9 FEITO O TRATAMENTO ORTOD\u00d4NTICO<\/h3>\n\n\n\n<p style=\"color:#414042\" class=\"has-text-color\" align=\"justify\">O tratamento consiste no uso regular do aparelho ortod\u00f4ntico, seja ele fixo ou m\u00f3vel (dentista e paciente decidem juntos o que melhor ir\u00e1 se adaptar) que s\u00e3o utilizados para ajudar a movimentar os dentes, retrair os m\u00fasculos e alterar o crescimento mandibular, por meio de ligeira press\u00e3o colocando-os na posi\u00e7\u00e3o correta.<\/p>\n\n\n\n<p style=\"color:#414042\" class=\"has-text-color\" align=\"justify\">Periodicamente se faz necess\u00e1ria a revis\u00e3o para avaliar o progresso do tratamento e a manuten\u00e7\u00e3o, procedendo, assim, nova press\u00e3o se preciso. Esse processo para crian\u00e7as e adolescentes \u00e9 o mais dif\u00edcil, porque a adapta\u00e7\u00e3o \u00e0 nova carga de press\u00e3o normalmente \u00e9 dolorida.<\/p>\n\n\n\n<p style=\"color:#414042\" class=\"has-text-color\" align=\"justify\">E o tempo de dura\u00e7\u00e3o? Um&nbsp;<strong>tratamento ortod\u00f4ntico<\/strong>&nbsp;normal, dura em m\u00e9dia de 1 ano a 2 anos.&nbsp; Esse tempo, no entanto, pode variar dependendo de fatores, como: a gravidade da m\u00e1 oclus\u00e3o (encaixe das&nbsp;arcadas dent\u00e1rias), idade do paciente, necessidade de extrair (arrancar) algum dente durante o tratamento, dentre outros.<\/p>\n\n\n\n<p style=\"color:#414042\" class=\"has-text-color\" align=\"justify\">No <a href=\"..\/..\/tratamentos\/ortodontia-e-aparelhos.html\" target=\"blank\" rel=\"noopener noreferrer\"><strong style=\"color:#2b11db\">aparelho convencional fixo<\/strong><\/a>, de utiliza\u00e7\u00e3o mais comum, s\u00e3o usados br\u00e1quetes ou bandas. As bandas s\u00e3o fixadas em volta de v\u00e1rios dentes ou de um s\u00f3, e utilizadas como \u00e2ncoras para o aparelho; j\u00e1 os br\u00e1quetes s\u00e3o presos na parte externa do dente e servem de pontos de apoio para os fios, que s\u00e3o colocados nos espa\u00e7os dos br\u00e1quetes e fixados com pequenos el\u00e1sticos. Quando tracionados exercem press\u00e3o nos dentes.<\/p>\n\n\n\n<p style=\"color:#414042\" class=\"has-text-color\" align=\"justify\">Para quem n\u00e3o gosta de apresentar aquele famoso \u201csorriso met\u00e1lico\u201d, a boa not\u00edcia \u00e9 que hoje em dia os aparelhos s\u00e3o mais leves, com bem menos metal e pode ser encontrado aparelhos convencionais coloridos ou transparentes.<\/p>\n\n\n\n<p style=\"color:#414042\" class=\"has-text-color\" align=\"justify\"><strong>Aparelho convencional fixo especial<\/strong> &#8211;&nbsp;utilizados para controlar o h\u00e1bito de chupar o dedo ou a l\u00edngua &#8220;presa&#8221;, esses aparelhos ortod\u00f4nticos s\u00e3o fixados aos dentes por bandas. Por serem muito desconfort\u00e1veis durante as refei\u00e7\u00f5es, devem ser utilizados apenas como um \u00faltimo recurso.<\/p>\n\n\n\n<p style=\"color:#414042\" class=\"has-text-color\" align=\"justify\"><strong>Aparelho convencional est\u00e9tico<\/strong> &#8211;&nbsp;podem ser feitos de porcelana ou safira. Ambos s\u00e3o mais discretos, pois os br\u00e1quetes t\u00eam a colora\u00e7\u00e3o bem pr\u00f3xima \u00e0 cor natural dos dentes. A diferen\u00e7a \u00e9 que a porcelana al\u00e9m de mais opaca, tem os br\u00e1quetes um pouco maiores e o de safira os br\u00e1quetes j\u00e1 s\u00e3o menores e a apar\u00eancia mais transl\u00facida, o que torna mais f\u00e1cil adaptar \u00e0s varias tonalidades dos dentes naturais.<\/p>\n\n\n\n<p style=\"color:#414042\" class=\"has-text-color\" align=\"justify\"><strong>Mantenedor de espa\u00e7o fixo ou \u201cespa\u00e7ador\u201d<\/strong> &#8211;&nbsp;se o&nbsp;dente de leite \u00e9 perdido precocemente (por c\u00e1rie, queda natural ou extra\u00e7\u00e3o necess\u00e1ria) um protetor de espa\u00e7o \u00e9 utilizado para manter este espa\u00e7o aberto at\u00e9 que o dente permanente nas\u00e7a. Uma banda \u00e9 cimentada ao dente pr\u00f3ximo ao espa\u00e7o vazio e um fio \u00e9 estendido at\u00e9 o dente do outro lado do espa\u00e7o. \u00c9 feito sob medida e pode ser m\u00f3vel ou fixo, como um aparelho ortod\u00f4ntico.<\/p>\n\n\n\n<p style=\"color:#414042\" class=\"has-text-color\" align=\"justify\">Nos <a href=\"..\/..\/tratamentos\/ortodontia-e-aparelhos.html\" target=\"blank\" rel=\"noopener noreferrer\"><strong style=\"color:#2b11db\">aparelhos convencionais m\u00f3veis<\/strong><\/a> temos outras condi\u00e7\u00f5es. Veja abaixo:<\/p>\n\n\n\n<p style=\"color:#414042\" class=\"has-text-color\" align=\"justify\"><strong>Aparelho convencional auto-ligado<\/strong> &#8211;&nbsp;Uma das grandes vantagens est\u00e9ticas do aparelho auto-ligado \u00e9 a aus\u00eancia do uso das tradicionais \u201cborrachinhas\u201d. O fio do aparelho passa diretamente por dentro de canaletas e \u00e9 preso pelas tampas do br\u00e1quete, dispensando o uso do acess\u00f3rio. Por n\u00e3o ter as borrachas, o aparelho \u00e9 mais discreto e higi\u00eanico. O fio pode, ainda, ser de material transl\u00facido, sendo desta forma mais atraente esteticamente. Outra vantagem \u00e9 a redu\u00e7\u00e3o do tempo de tratamento. Por ser mais moderno e mais eficiente, em grande parte dos casos, o tempo de uso \u00e9 reduzido.<\/p>\n\n\n\n<p style=\"color:#414042\" class=\"has-text-color\" align=\"justify\"><strong>Niveladores<\/strong> &#8211;&nbsp;uma alternativa para o uso de aparelhos convencionais fixos para mover os dentes sem os fios de a\u00e7o e os br\u00e1quetes. S\u00e3o invis\u00edveis e remov\u00edveis de forma a tornar mais f\u00e1cil e c\u00f4modo se alimentar, escovar os dentes e passar o fio dental.<\/p>\n\n\n\n<p style=\"color:#414042\" class=\"has-text-color\" align=\"justify\"><strong>Mantenedores de espa\u00e7o m\u00f3veis<\/strong> &#8211;&nbsp;t\u00eam a mesma fun\u00e7\u00e3o que os aparelhos convencionais fixos. S\u00e3o feitos com uma base acr\u00edlica que se encaixa sobre a mand\u00edbula e t\u00eam bra\u00e7os de pl\u00e1stico ou arame, entre os dentes que devem ser mantidos separados.<\/p>\n\n\n\n<p style=\"color:#414042\" class=\"has-text-color\" align=\"justify\"><strong>Aparelhos reposicionadores de mand\u00edbula ou talas<\/strong> &#8211;&nbsp;podem ser utilizados no maxilar superior ou mand\u00edbula, e ajudam a &#8220;treinar&#8221; a mand\u00edbula a fechar em uma posi\u00e7\u00e3o mais favor\u00e1vel. Mais indicados para quem tem ATM \u2013 problemas na articula\u00e7\u00e3o temporomandibular.<\/p>\n\n\n\n<p style=\"color:#414042\" class=\"has-text-color\" align=\"justify\"><strong>Amortecedores de l\u00e1bios e bochechas<\/strong> &#8211;&nbsp;s\u00e3o destinados a manter os l\u00e1bios e bochechas afastadas dos dentes, por exercerem algum tipo de press\u00e3o.<\/p>\n\n\n\n<p style=\"color:#414042\" class=\"has-text-color\" align=\"justify\"><strong>Expansor palatino<\/strong> &#8211;&nbsp;uma placa de pl\u00e1stico que se encaixa sobre o c\u00e9u da boca para alargar o arco da mand\u00edbula superior. A press\u00e3o externa aplicada sobre a placa por meio de parafusos for\u00e7a as juntas dos ossos do palato a se abrirem para os lados.<\/p>\n\n\n\n<p style=\"color:#414042\" class=\"has-text-color\" align=\"justify\"><strong>Contentores m\u00f3veis<\/strong> &#8211;&nbsp;utilizados no c\u00e9u da boca, previnem que os dentes voltem \u00e0 posi\u00e7\u00e3o anterior. Podem tamb\u00e9m ser modificados e utilizados para evitar que a crian\u00e7a chupe o dedo.<\/p>\n\n\n\n<p style=\"color:#414042\" class=\"has-text-color\" align=\"justify\"><strong>Aparelho extra-bucal<\/strong> &#8211;&nbsp;indicado para pacientes ainda em fase de crescimento que apresentam excesso ou defici\u00eancia de crescimento da maxila. Este aparelho leva uma faixa que \u00e9 colocada em volta da parte de tr\u00e1s da cabe\u00e7a, e ligada a um el\u00e1stico na frente, ou um\narco facial. Ele retarda o crescimento da maxila e mant\u00e9m os dentes posteriores onde est\u00e3o, enquanto os dentes anteriores s\u00e3o empurrados para tr\u00e1s.<\/p>\n\n\n\n<p style=\"color:#414042\" class=\"has-text-color\" align=\"justify\"><strong>Aparelho extra-bucal<\/strong> &#8211;&nbsp;indicado para pacientes ainda em fase de crescimento que apresentam excesso ou defici\u00eancia de crescimento da maxila. Este aparelho leva uma faixa que \u00e9 colocada em volta da parte de tr\u00e1s da cabe\u00e7a, e ligada a um el\u00e1stico na frente, ou um\narco facial. Ele retarda o crescimento da maxila e mant\u00e9m os dentes posteriores onde est\u00e3o, enquanto os dentes anteriores s\u00e3o empurrados para tr\u00e1s.<\/p>\n\n\n\n<h3 class=\"wp-block-heading\">HIGIENIZA\u00c7\u00c3O E CUIDADOS DURANTE O TRATAMENTO<\/h3>\n\n\n\n<p style=\"color:#414042\" class=\"has-text-color\" align=\"justify\">A disciplina aqui \u00e9 fundamental, porque a manuten\u00e7\u00e3o do tratamento, por parte do paciente, inclui higieniza\u00e7\u00e3o di\u00e1ria, completa e cuidadosa do aparelho ortod\u00f4ntico para n\u00e3o comprometer a sa\u00fade dos dentes porque nos br\u00e1quetes, sempre ficam restinhos de comida que precisam ser removidos, at\u00e9 para evitar poss\u00edveis manchas no esmalte dos dentes. Portanto, mesmo que a escova\u00e7\u00e3o ao final de cada refei\u00e7\u00e3o seja uma tarefa chata, ela tem que acontecer. Pra quem usa e quem n\u00e3o usa tamb\u00e9m, claro! Na hora de escovar os dentes, o movimento indicado \u00e9 o mesmo de quem n\u00e3o usa aparelho ortod\u00f4ntico fixo. A escova deve ser posicionada em um \u00e2ngulo de 45 graus com a face do dente e o movimento deve ser feito no sentido da gengiva para os dentes, ajudando assim a remover a placa bacteriana e manter a gengiva saud\u00e1vel.<\/p>\n\n\n\n<p style=\"color:#414042\" class=\"has-text-color\" align=\"justify\">A escova de dente precisa ser especial para essa higieniza\u00e7\u00e3o, normalmente com a cabe\u00e7a menor ou com as cerdas em V, mais curtas no centro, para alcan\u00e7ar os br\u00e1quetes e a superf\u00edcie dos dentes. Podem ser usadas tamb\u00e9m as especiais: a bitufo e interdental que \u00e9 como uma esp\u00e9cie de agulha que se prende ao fio dental e facilita sua passagem pelos dentes, assim \u00e9 poss\u00edvel passar entre dentes.<\/p>\n\n\n\n<p style=\"color:#414042\" class=\"has-text-color\" align=\"justify\">Os enxaguantes bucais com fl\u00faor tamb\u00e9m auxiliam na higieniza\u00e7\u00e3o e podem minimizar o aparecimento de manchas branco e c\u00e1ries.<\/p>\n\n\n\n<p style=\"color:#414042\" class=\"has-text-color\" align=\"justify\">A mesma disciplina deve ser estendida para a guarda do aparelho m\u00f3vel que deve ser feita numa caixinha pr\u00f3pria, pois \u00e9 muito comum a perda do aparelho, principalmente nas refei\u00e7\u00f5es fora de casa quando os aparelhos ortod\u00f4nticos s\u00e3o embrulhados em guardanapos e deixados sobre a mesa. Conseq\u00fcentemente, alguns pacientes acabam abandonando o tratamento, pois fazer um novo resulta em custos adicionais. Resultado: o problema volta ou at\u00e9 se agrava.<\/p>\n\n\n\n<h3 class=\"wp-block-heading\">\u00c9 POSS\u00cdVEL COMER QUALQUER ALIMENTO?<\/h3>\n\n\n\n<p style=\"color:#414042\" class=\"has-text-color\" align=\"justify\">Pode comer de tudo desde que com cuidado. Aqueles alimentos mais durinhos como pipoca, gelo, frutas secas e comidas grudentas, como chicletes e balas tipo caramelo podem fazer parte do dia a dia, mas, somente se mastigadas com cuidado e em pequenas quantidades por vez. Alimentos com fibras como manga, br\u00f3colis ou milho, que deixam fiapos, tem de ter mais aten\u00e7\u00e3o na escova\u00e7\u00e3o.<\/p>\n\n\n\n<h3 class=\"wp-block-heading\">FALANDO EM CUSTOS DE APARELHOS ORTOD\u00d4NTICOS<\/h3>\n\n\n\n<p style=\"color:#414042\" class=\"has-text-color\" align=\"justify\">Na verdade, ir\u00e1 variar de acordo com o tratamento, por\u00e9m, os aparelhos fixos (met\u00e1licos) s\u00e3o normalmente os de menor valor se comparados aos demais, variam de R$150 a R$250,00. Os de material transparente t\u00eam um custo diferenciado por conta do material empregado, os mais discreto, permeiam em torno de R$599 a R$999, e se quiser fazer um clareamento ap\u00f3s o tratamento, isso tamb\u00e9m dever\u00e1 influenciar no pre\u00e7o final de forma positiva. Voc\u00ea consegue fazer o tratamento completo com parcelas de R$99 a R$199 de acordo com o modelo de aparelho que escolher.<\/p>\n\n\n\n<p style=\"color:#414042\" class=\"has-text-color\" align=\"justify\">Como vimos cada um deles pode ter valores que diferem de acordo com o material dos br\u00e1quetes (met\u00e1lico, safira, porcelana) e outras especifica\u00e7\u00f5es do tratamento, mas, atualmente, por conta de novas tecnologias e avan\u00e7os da ortodontia, os tratamentos est\u00e3o mais acess\u00edveis mantendo a qualidade.<\/p>\n\n\n\n<h3 class=\"wp-block-heading\">BENEF\u00cdCIOS COM O USO DO APARELHO ORTOD\u00d4NTICO<\/h3>\n\n\n\n<p style=\"color:#414042\" class=\"has-text-color\" align=\"justify\">A confian\u00e7a no especialista e a coopera\u00e7\u00e3o do paciente no uso constante e correto do seu aparelho ortod\u00f4ntico resultam em um sorriso bonito, sa\u00fade bucal, movimenta\u00e7\u00e3o perfeita da musculatura orofacial e denti\u00e7\u00e3o saud\u00e1vel sem desgastes precoces e sem dor.<\/p>\n\n\n\n<p style=\"color:#414042\" class=\"has-text-color\" align=\"justify\">Esse ser\u00e1, sem d\u00favida, o melhor investimento no seu sorriso.<\/p>\n\n\n\n<!-- Agende -->\n    <div id=\"boxagendar\">\n        <div class=\"container\">\n            <div class=\"row\">\n                <div class=\"col-md-8\">\n                    <div class=\"message-box\"><!-- Texto -->\n                        <h2 style=\"padding-bottom:1px;\"><b class=\"bwhite\" style=\"font-size: 25px;\">Aproveite e agende agora sua avalia\u00e7\u00e3o!<\/b><\/h2>\n                        <p class=\"bwhite\">Clique no bot\u00e3o <i>Agendar Avalia\u00e7\u00e3o<\/i> e garanta sua pr\u00e9-reserva de hor\u00e1rio ainda hoje<\/p>\n                    <\/div><!-- Fim Texto -->\n                <\/div>\n            <\/div>\n        <\/div>\n    <\/div>\n    <!-- Agende -->\n\n\n\n<a href=\"https:\/\/www.rededentz.com.br\/agende-sua-avaliacao\/\" class=\"btn btn-light btn-brd grd1 btn-block\">Agendar Avalia\u00e7\u00e3o<\/a>\n","protected":false},"excerpt":{"rendered":"Confira aqui no post que Aparelhos Ortod\u00f4nticos n\u00e3o s\u00e3o os vil\u00f5es. Saiba quando usar, como usar, o que pode e o que n\u00e3o pode fazer durante o tratamento.\n<a class=\"moretag\" href=\"https:\/\/rededentz.com.br\/blog\/aparelhos-ortodonticos-nao-sao-os-viloes\/\"> [...]<\/a>","protected":false},"author":2,"featured_media":29,"comment_status":"closed","ping_status":"open","sticky":false,"template":"","format":"standard","meta":{"_monsterinsights_skip_tracking":false,"_monsterinsights_sitenote_active":false,"_monsterinsights_sitenote_note":"","_monsterinsights_sitenote_category":0,"footnotes":""},"categories":[4],"tags":[],"yoast_head":"<!-- This site is optimized with the Yoast SEO plugin v22.8 - https:\/\/yoast.com\/wordpress\/plugins\/seo\/ -->\n<title>Aparelhos Ortod\u00f4nticos N\u00e3o S\u00e3o Os Vil\u00f5es - Blog | Dentz<\/title>\n<meta name=\"description\" content=\"Confira aqui no post que Aparelhos Ortod\u00f4nticos n\u00e3o s\u00e3o os vil\u00f5es. Saiba quando usar, como usar, o que pode e o que n\u00e3o pode fazer durante o tratamento.\" \/>\n<meta name=\"robots\" content=\"index, follow, max-snippet:-1, max-image-preview:large, max-video-preview:-1\" \/>\n<link rel=\"canonical\" href=\"https:\/\/rededentz.com.br\/blog\/aparelhos-ortodonticos-nao-sao-os-viloes\/\" \/>\n<meta property=\"og:locale\" content=\"pt_BR\" \/>\n<meta property=\"og:type\" content=\"article\" \/>\n<meta property=\"og:title\" content=\"Aparelhos Ortod\u00f4nticos N\u00e3o S\u00e3o Os Vil\u00f5es - Blog | Dentz\" \/>\n<meta property=\"og:description\" content=\"Confira aqui no post que Aparelhos Ortod\u00f4nticos n\u00e3o s\u00e3o os vil\u00f5es. Saiba quando usar, como usar, o que pode e o que n\u00e3o pode fazer durante o tratamento.\" \/>\n<meta property=\"og:url\" content=\"https:\/\/rededentz.com.br\/blog\/aparelhos-ortodonticos-nao-sao-os-viloes\/\" \/>\n<meta property=\"og:site_name\" content=\"Blog | Dentz\" \/>\n<meta property=\"article:published_time\" content=\"2020-06-02T17:22:42+00:00\" \/>\n<meta property=\"article:modified_time\" content=\"2021-05-28T18:15:02+00:00\" \/>\n<meta property=\"og:image\" content=\"https:\/\/rededentz.com.br\/blog\/wp-content\/uploads\/2020\/06\/Dentz-Aparelhos-Ortodonticos-Nao-Sao-Os-Viloes.jpg\" \/>\n\t<meta property=\"og:image:width\" content=\"752\" \/>\n\t<meta property=\"og:image:height\" content=\"400\" \/>\n\t<meta property=\"og:image:type\" content=\"image\/jpeg\" \/>\n<meta name=\"author\" content=\"Dr. Dentz\" \/>\n<meta name=\"twitter:card\" content=\"summary_large_image\" \/>\n<meta name=\"twitter:label1\" content=\"Escrito por\" \/>\n\t<meta name=\"twitter:data1\" content=\"Dr. Dentz\" \/>\n\t<meta name=\"twitter:label2\" content=\"Est. tempo de leitura\" \/>\n\t<meta name=\"twitter:data2\" content=\"8 minutos\" \/>\n<script type=\"application\/ld+json\" class=\"yoast-schema-graph\">{\"@context\":\"https:\/\/schema.org\",\"@graph\":[{\"@type\":\"WebPage\",\"@id\":\"https:\/\/rededentz.com.br\/blog\/aparelhos-ortodonticos-nao-sao-os-viloes\/\",\"url\":\"https:\/\/rededentz.com.br\/blog\/aparelhos-ortodonticos-nao-sao-os-viloes\/\",\"name\":\"Aparelhos Ortod\u00f4nticos N\u00e3o S\u00e3o Os Vil\u00f5es - Blog | Dentz\",\"isPartOf\":{\"@id\":\"https:\/\/rededentz.com.br\/blog\/#website\"},\"primaryImageOfPage\":{\"@id\":\"https:\/\/rededentz.com.br\/blog\/aparelhos-ortodonticos-nao-sao-os-viloes\/#primaryimage\"},\"image\":{\"@id\":\"https:\/\/rededentz.com.br\/blog\/aparelhos-ortodonticos-nao-sao-os-viloes\/#primaryimage\"},\"thumbnailUrl\":\"https:\/\/rededentz.com.br\/blog\/wp-content\/uploads\/2020\/06\/Dentz-Aparelhos-Ortodonticos-Nao-Sao-Os-Viloes.jpg\",\"datePublished\":\"2020-06-02T17:22:42+00:00\",\"dateModified\":\"2021-05-28T18:15:02+00:00\",\"author\":{\"@id\":\"https:\/\/rededentz.com.br\/blog\/#\/schema\/person\/33b09e29c6b4089abf6e88b23bb14484\"},\"description\":\"Confira aqui no post que Aparelhos Ortod\u00f4nticos n\u00e3o s\u00e3o os vil\u00f5es. Saiba quando usar, como usar, o que pode e o que n\u00e3o pode fazer durante o tratamento.\",\"breadcrumb\":{\"@id\":\"https:\/\/rededentz.com.br\/blog\/aparelhos-ortodonticos-nao-sao-os-viloes\/#breadcrumb\"},\"inLanguage\":\"pt-BR\",\"potentialAction\":[{\"@type\":\"ReadAction\",\"target\":[\"https:\/\/rededentz.com.br\/blog\/aparelhos-ortodonticos-nao-sao-os-viloes\/\"]}]},{\"@type\":\"ImageObject\",\"inLanguage\":\"pt-BR\",\"@id\":\"https:\/\/rededentz.com.br\/blog\/aparelhos-ortodonticos-nao-sao-os-viloes\/#primaryimage\",\"url\":\"https:\/\/rededentz.com.br\/blog\/wp-content\/uploads\/2020\/06\/Dentz-Aparelhos-Ortodonticos-Nao-Sao-Os-Viloes.jpg\",\"contentUrl\":\"https:\/\/rededentz.com.br\/blog\/wp-content\/uploads\/2020\/06\/Dentz-Aparelhos-Ortodonticos-Nao-Sao-Os-Viloes.jpg\",\"width\":752,\"height\":400,\"caption\":\"Aparelhos Ortod\u00f4nticos N\u00e3o S\u00e3o Os Vil\u00f5es\"},{\"@type\":\"BreadcrumbList\",\"@id\":\"https:\/\/rededentz.com.br\/blog\/aparelhos-ortodonticos-nao-sao-os-viloes\/#breadcrumb\",\"itemListElement\":[{\"@type\":\"ListItem\",\"position\":1,\"name\":\"In\u00edcio\",\"item\":\"https:\/\/rededentz.com.br\/blog\/\"},{\"@type\":\"ListItem\",\"position\":2,\"name\":\"Aparelhos Ortod\u00f4nticos N\u00e3o S\u00e3o Os Vil\u00f5es\"}]},{\"@type\":\"WebSite\",\"@id\":\"https:\/\/rededentz.com.br\/blog\/#website\",\"url\":\"https:\/\/rededentz.com.br\/blog\/\",\"name\":\"Blog | Dentz\",\"description\":\"Os Melhores Dentistas ao seu Alcance\",\"potentialAction\":[{\"@type\":\"SearchAction\",\"target\":{\"@type\":\"EntryPoint\",\"urlTemplate\":\"https:\/\/rededentz.com.br\/blog\/?s={search_term_string}\"},\"query-input\":\"required name=search_term_string\"}],\"inLanguage\":\"pt-BR\"},{\"@type\":\"Person\",\"@id\":\"https:\/\/rededentz.com.br\/blog\/#\/schema\/person\/33b09e29c6b4089abf6e88b23bb14484\",\"name\":\"Dr. Dentz\",\"url\":\"https:\/\/rededentz.com.br\/blog\/author\/dentz\/\"}]}<\/script>\n<!-- \/ Yoast SEO plugin. -->","yoast_head_json":{"title":"Aparelhos Ortod\u00f4nticos N\u00e3o S\u00e3o Os Vil\u00f5es - Blog | Dentz","description":"Confira aqui no post que Aparelhos Ortod\u00f4nticos n\u00e3o s\u00e3o os vil\u00f5es. Saiba quando usar, como usar, o que pode e o que n\u00e3o pode fazer durante o tratamento.","robots":{"index":"index","follow":"follow","max-snippet":"max-snippet:-1","max-image-preview":"max-image-preview:large","max-video-preview":"max-video-preview:-1"},"canonical":"https:\/\/rededentz.com.br\/blog\/aparelhos-ortodonticos-nao-sao-os-viloes\/","og_locale":"pt_BR","og_type":"article","og_title":"Aparelhos Ortod\u00f4nticos N\u00e3o S\u00e3o Os Vil\u00f5es - Blog | Dentz","og_description":"Confira aqui no post que Aparelhos Ortod\u00f4nticos n\u00e3o s\u00e3o os vil\u00f5es. Saiba quando usar, como usar, o que pode e o que n\u00e3o pode fazer durante o tratamento.","og_url":"https:\/\/rededentz.com.br\/blog\/aparelhos-ortodonticos-nao-sao-os-viloes\/","og_site_name":"Blog | Dentz","article_published_time":"2020-06-02T17:22:42+00:00","article_modified_time":"2021-05-28T18:15:02+00:00","og_image":[{"width":752,"height":400,"url":"https:\/\/rededentz.com.br\/blog\/wp-content\/uploads\/2020\/06\/Dentz-Aparelhos-Ortodonticos-Nao-Sao-Os-Viloes.jpg","type":"image\/jpeg"}],"author":"Dr. Dentz","twitter_card":"summary_large_image","twitter_misc":{"Escrito por":"Dr. Dentz","Est. tempo de leitura":"8 minutos"},"schema":{"@context":"https:\/\/schema.org","@graph":[{"@type":"WebPage","@id":"https:\/\/rededentz.com.br\/blog\/aparelhos-ortodonticos-nao-sao-os-viloes\/","url":"https:\/\/rededentz.com.br\/blog\/aparelhos-ortodonticos-nao-sao-os-viloes\/","name":"Aparelhos Ortod\u00f4nticos N\u00e3o S\u00e3o Os Vil\u00f5es - Blog | Dentz","isPartOf":{"@id":"https:\/\/rededentz.com.br\/blog\/#website"},"primaryImageOfPage":{"@id":"https:\/\/rededentz.com.br\/blog\/aparelhos-ortodonticos-nao-sao-os-viloes\/#primaryimage"},"image":{"@id":"https:\/\/rededentz.com.br\/blog\/aparelhos-ortodonticos-nao-sao-os-viloes\/#primaryimage"},"thumbnailUrl":"https:\/\/rededentz.com.br\/blog\/wp-content\/uploads\/2020\/06\/Dentz-Aparelhos-Ortodonticos-Nao-Sao-Os-Viloes.jpg","datePublished":"2020-06-02T17:22:42+00:00","dateModified":"2021-05-28T18:15:02+00:00","author":{"@id":"https:\/\/rededentz.com.br\/blog\/#\/schema\/person\/33b09e29c6b4089abf6e88b23bb14484"},"description":"Confira aqui no post que Aparelhos Ortod\u00f4nticos n\u00e3o s\u00e3o os vil\u00f5es. Saiba quando usar, como usar, o que pode e o que n\u00e3o pode fazer durante o tratamento.","breadcrumb":{"@id":"https:\/\/rededentz.com.br\/blog\/aparelhos-ortodonticos-nao-sao-os-viloes\/#breadcrumb"},"inLanguage":"pt-BR","potentialAction":[{"@type":"ReadAction","target":["https:\/\/rededentz.com.br\/blog\/aparelhos-ortodonticos-nao-sao-os-viloes\/"]}]},{"@type":"ImageObject","inLanguage":"pt-BR","@id":"https:\/\/rededentz.com.br\/blog\/aparelhos-ortodonticos-nao-sao-os-viloes\/#primaryimage","url":"https:\/\/rededentz.com.br\/blog\/wp-content\/uploads\/2020\/06\/Dentz-Aparelhos-Ortodonticos-Nao-Sao-Os-Viloes.jpg","contentUrl":"https:\/\/rededentz.com.br\/blog\/wp-content\/uploads\/2020\/06\/Dentz-Aparelhos-Ortodonticos-Nao-Sao-Os-Viloes.jpg","width":752,"height":400,"caption":"Aparelhos Ortod\u00f4nticos N\u00e3o S\u00e3o Os Vil\u00f5es"},{"@type":"BreadcrumbList","@id":"https:\/\/rededentz.com.br\/blog\/aparelhos-ortodonticos-nao-sao-os-viloes\/#breadcrumb","itemListElement":[{"@type":"ListItem","position":1,"name":"In\u00edcio","item":"https:\/\/rededentz.com.br\/blog\/"},{"@type":"ListItem","position":2,"name":"Aparelhos Ortod\u00f4nticos N\u00e3o S\u00e3o Os Vil\u00f5es"}]},{"@type":"WebSite","@id":"https:\/\/rededentz.com.br\/blog\/#website","url":"https:\/\/rededentz.com.br\/blog\/","name":"Blog | Dentz","description":"Os Melhores Dentistas ao seu Alcance","potentialAction":[{"@type":"SearchAction","target":{"@type":"EntryPoint","urlTemplate":"https:\/\/rededentz.com.br\/blog\/?s={search_term_string}"},"query-input":"required name=search_term_string"}],"inLanguage":"pt-BR"},{"@type":"Person","@id":"https:\/\/rededentz.com.br\/blog\/#\/schema\/person\/33b09e29c6b4089abf6e88b23bb14484","name":"Dr. Dentz","url":"https:\/\/rededentz.com.br\/blog\/author\/dentz\/"}]}},"_links":{"self":[{"href":"https:\/\/rededentz.com.br\/blog\/wp-json\/wp\/v2\/posts\/1"}],"collection":[{"href":"https:\/\/rededentz.com.br\/blog\/wp-json\/wp\/v2\/posts"}],"about":[{"href":"https:\/\/rededentz.com.br\/blog\/wp-json\/wp\/v2\/types\/post"}],"author":[{"embeddable":true,"href":"https:\/\/rededentz.com.br\/blog\/wp-json\/wp\/v2\/users\/2"}],"replies":[{"embeddable":true,"href":"https:\/\/rededentz.com.br\/blog\/wp-json\/wp\/v2\/comments?post=1"}],"version-history":[{"count":23,"href":"https:\/\/rededentz.com.br\/blog\/wp-json\/wp\/v2\/posts\/1\/revisions"}],"predecessor-version":[{"id":78,"href":"https:\/\/rededentz.com.br\/blog\/wp-json\/wp\/v2\/posts\/1\/revisions\/78"}],"wp:featuredmedia":[{"embeddable":true,"href":"https:\/\/rededentz.com.br\/blog\/wp-json\/wp\/v2\/media\/29"}],"wp:attachment":[{"href":"https:\/\/rededentz.com.br\/blog\/wp-json\/wp\/v2\/media?parent=1"}],"wp:term":[{"taxonomy":"category","embeddable":true,"href":"https:\/\/rededentz.com.br\/blog\/wp-json\/wp\/v2\/categories?post=1"},{"taxonomy":"post_tag","embeddable":true,"href":"https:\/\/rededentz.com.br\/blog\/wp-json\/wp\/v2\/tags?post=1"}],"curies":[{"name":"wp","href":"https:\/\/api.w.org\/{rel}","templated":true}]}}