{"id":159,"date":"2021-11-09T11:15:30","date_gmt":"2021-11-09T14:15:30","guid":{"rendered":"https:\/\/rededentz.com.br\/blog\/?p=159"},"modified":"2021-11-09T11:15:32","modified_gmt":"2021-11-09T14:15:32","slug":"como-escolher-a-melhor-opcao-de-aparelho-ortodontico","status":"publish","type":"post","link":"https:\/\/rededentz.com.br\/blog\/como-escolher-a-melhor-opcao-de-aparelho-ortodontico\/","title":{"rendered":"Como escolher a melhor op\u00e7\u00e3o de aparelho ortod\u00f4ntico"},"content":{"rendered":"\n<p><em>Conhe\u00e7a todas as op\u00e7\u00f5es de aparelhos ortod\u00f4nticos e escolha sem dificuldades qual a melhor op\u00e7\u00e3o para iniciar o seu tratamento em uma cl\u00ednica<strong> <a href=\"\/unidades\" target=\"_blank\" rel=\"noreferrer noopener\">Dentz<\/a><\/strong>.<\/em><\/p>\n\n\n\n<p style=\"color:#414042\" class=\"has-text-color\" align=\"justify\">Aproximadamente 35% dos brasileiros precisam de algum tipo de tratamento ortod\u00f4ntico, seja com finalidade de corre\u00e7\u00e3o ou apenas por est\u00e9tica.<\/p>\n\n\n\n<p style=\"color:#414042\" class=\"has-text-color\" align=\"justify\">E se voc\u00ea chegou at\u00e9 esse post, \u00e9 porque acredita que um sorriso bonito, bem alinhado e saud\u00e1vel \u00e9 essencial para a sa\u00fade e para a sua autoestima<\/p>\n\n\n\n<p style=\"color:#414042\" class=\"has-text-color\" align=\"justify\">Quer descobrir qual a melhor op\u00e7\u00e3o de aparelho ortod\u00f4ntico que se adapta \u00e0s suas necessidades e que cabe no seu bolso? Continue lendo!<\/p>\n\n\n\n<h2 class=\"wp-block-heading\">O que o aparelho ortod\u00f4ntico pode fazer por voc\u00ea<\/h2>\n\n\n\n<p style=\"color:#414042\" class=\"has-text-color\" align=\"justify\">A primeira coisa que se pode pensar a respeito do aparelho ortod\u00f4ntico \u00e9 que a principal fun\u00e7\u00e3o dele \u00e9 proporcionar um sorriso bonito, mas isso \u00e9 somente a parte \u201cvis\u00edvel\u201d. Tem muita coisa por tr\u00e1s dos dentes perfeitamente alinhados.<\/p>\n\n\n\n<p style=\"color:#414042\" class=\"has-text-color\" align=\"justify\">Independente do aparelho que escolher, com certeza voc\u00ea ter\u00e1 mais benef\u00edcios do que apenas o visual. Com o <b>alinhamento dos dentes tortos ou mal posicionados<\/b>, voc\u00ea ir\u00e1 evitar:<\/p>\n\n\n\n<p style=\"color:#414042\" class=\"has-text-color\" align=\"justify\">\n&nbsp;&nbsp; \u2022 Dificuldades mastigat\u00f3rias e de fala<br>\n&nbsp;&nbsp; \u2022 Fraturas dent\u00e1rias e desgaste precoce dos dentes<br>\n&nbsp;&nbsp; \u2022 Doen\u00e7as gastrointestinais<br>\n&nbsp;&nbsp; \u2022 Dores de cabe\u00e7a, pesco\u00e7o, ombros e costas<br>\n&nbsp;&nbsp; \u2022 Disfun\u00e7\u00e3o temporomandibular, que \u00e9 uma anormalidade no funcionamento da articula\u00e7\u00e3o temporomandibular (ATM), que \u00e9 respons\u00e1vel pelo movimento de abrir e fechar a boca<br>\n&nbsp;&nbsp; \u2022 Dificuldade de higieniza\u00e7\u00e3o e consequente forma\u00e7\u00e3o de c\u00e1ries<br>\n&nbsp;&nbsp; \u2022 Problemas posturais e de autoestima\n<\/p>\n\n\n\n<h2 class=\"wp-block-heading\">Quais s\u00e3o os tipos de aparelho ortod\u00f4ntico?<\/h2>\n\n\n\n<p style=\"color:#414042\" class=\"has-text-color\" align=\"justify\">Entre as v\u00e1rias op\u00e7\u00f5es dispon\u00edveis hoje em dia, existem op\u00e7\u00f5es met\u00e1licas &#8211; que usam ou n\u00e3o os el\u00e1sticos coloridos &#8211; as transl\u00facidas, os de porcelana e, ainda, as transparentes.<\/p>\n\n\n\n<p style=\"color:#414042\" class=\"has-text-color\" align=\"justify\">Agora, veja quais s\u00e3o as principais caracter\u00edsticas de cada um deles.<\/p>\n\n\n\n<h3 class=\"wp-block-heading\">Aparelho M\u00f3vel<\/h3>\n\n\n\n<figure class=\"wp-block-image size-full is-resized is-style-default\"><img fetchpriority=\"high\" decoding=\"async\" src=\"https:\/\/rededentz.com.br\/blog\/wp-content\/uploads\/2021\/11\/Blog_Aparelho_Movel.jpg\" alt=\"Aparelho M\u00f3vel - Dentz\" class=\"wp-image-160\" width=\"752\" height=\"400\" title=\"Aparelho M\u00f3vel - Dentz\" srcset=\"https:\/\/rededentz.com.br\/blog\/wp-content\/uploads\/2021\/11\/Blog_Aparelho_Movel.jpg 752w, https:\/\/rededentz.com.br\/blog\/wp-content\/uploads\/2021\/11\/Blog_Aparelho_Movel-300x160.jpg 300w\" sizes=\"(max-width: 752px) 100vw, 752px\" \/><\/figure>\n\n\n\n<p style=\"color:#414042\" class=\"has-text-color\" align=\"justify\">Ele tem fun\u00e7\u00e3o mais ortop\u00e9dica por trabalhar os ossos maxilares e s\u00e3o indicados para o tratamento de crian\u00e7as e pr\u00e9-adolescentes por conta da fase de crescimento \u00f3sseo.<\/p>\n\n\n\n<p style=\"color:#414042\" class=\"has-text-color\" align=\"justify\">Embora seja a principal indica\u00e7\u00e3o, n\u00e3o \u00e9 a \u00fanica.<br><br>O aparelho m\u00f3vel tamb\u00e9m \u00e9 utilizado nos tratamentos de:\n<\/p>\n\n\n\n<p style=\"color:#414042\" class=\"has-text-color\" align=\"justify\">\n&nbsp;&nbsp; \u2022 Reposicionamento de mand\u00edbula: condiciona a mand\u00edbula a fechar numa posi\u00e7\u00e3o mais favor\u00e1vel.<br>\n&nbsp;&nbsp; \u2022 Amortecedores de l\u00e1bios e bochechas: mant\u00e9m ambos afastados dos dentes por exercerem algum tipo de press\u00e3o prejudicial.<br>\n&nbsp;&nbsp; \u2022 Conten\u00e7\u00e3o m\u00f3vel: utilizado no c\u00e9u da boca, \u00e9 usado como p\u00f3s-tratamento ortod\u00f4ntico para prevenir que os dentes voltem \u00e0 posi\u00e7\u00e3o anterior.<br>\n<\/p>\n\n\n\n<h3 class=\"wp-block-heading\">Aparelho Convencional Fixo<\/h3>\n\n\n\n<figure class=\"wp-block-image size-full is-resized is-style-default\"><img decoding=\"async\" src=\"https:\/\/rededentz.com.br\/blog\/wp-content\/uploads\/2021\/11\/Blog_Aparelho_FixoConvencional.jpg\" alt=\"Aparelho Fixo Convencional - Dentz\" class=\"wp-image-161\" width=\"752\" height=\"400\" title=\"Aparelho Fixo Convencional - Dentz\" srcset=\"https:\/\/rededentz.com.br\/blog\/wp-content\/uploads\/2021\/11\/Blog_Aparelho_FixoConvencional.jpg 752w, https:\/\/rededentz.com.br\/blog\/wp-content\/uploads\/2021\/11\/Blog_Aparelho_FixoConvencional-300x160.jpg 300w\" sizes=\"(max-width: 752px) 100vw, 752px\" \/><\/figure>\n\n\n\n<p style=\"color:#414042\" class=\"has-text-color\" align=\"justify\">Sendo a op\u00e7\u00e3o mais comum e acess\u00edvel de tratamento ortod\u00f4ntico, \u00e9 tamb\u00e9m a mais popular entre os adolescentes &#8211; mas n\u00e3o exclusiva deles.<\/p>\n\n\n\n<p style=\"color:#414042\" class=\"has-text-color\" align=\"justify\">Os br\u00e1quetes s\u00e3o colados nos dentes e sustentam um fio met\u00e1lico preso por el\u00e1stico, sendo o fio o respons\u00e1vel por gerar o movimento de tra\u00e7\u00e3o que ir\u00e1 deslocar os dentes para a posi\u00e7\u00e3o correta.  <\/p>\n\n\n\n<p style=\"color:#414042\" class=\"has-text-color\" align=\"justify\">Enquanto isso, as bandas de a\u00e7o na cor prata s\u00e3o fixadas em um ou v\u00e1rios dentes, que s\u00e3o utilizados como \u00e2ncora para o aparelho.<\/p>\n\n\n\n<p style=\"color:#414042\" class=\"has-text-color\" align=\"justify\">Por ser um aparelho fixo que altera o visual do paciente, existe a possibilidade de personaliza\u00e7\u00e3o com el\u00e1sticos coloridos, deixando o aparelho ainda mais evidente.<\/p>\n\n\n\n<p style=\"color:#414042\" class=\"has-text-color\" align=\"justify\">No entanto, pensando pelo outro lado, o aparelho fixo muitas vezes causa constrangimento, desconforto e a sensa\u00e7\u00e3o de inseguran\u00e7a nos adultos &#8211; principalmente no ambiente de trabalho.<\/p>\n\n\n\n<p style=\"color:#414042\" class=\"has-text-color\" align=\"justify\">Pensando nesse p\u00fablico, que voc\u00ea pode ou n\u00e3o se identificar, a ind\u00fastria desenvolveu aparelhos fixos est\u00e9ticos para tratamentos ortod\u00f4nticos mais discretos e que n\u00e3o causam uma grande altera\u00e7\u00e3o no visual do paciente.<\/p>\n\n\n\n<p style=\"color:#414042\" class=\"has-text-color\" align=\"justify\">Veja quais s\u00e3o essas op\u00e7\u00f5es dispon\u00edveis hoje:<\/p>\n\n\n\n<h3 class=\"wp-block-heading\">Aparelho Fixo Est\u00e9tico: Porcelana<\/h3>\n\n\n\n<figure class=\"wp-block-image size-full is-resized is-style-default\"><img decoding=\"async\" src=\"https:\/\/rededentz.com.br\/blog\/wp-content\/uploads\/2021\/11\/Blog_Aparelho_FixoPorcelana.jpg\" alt=\"Aparelho Fixo Porcelana - Dentz\" class=\"wp-image-162\" width=\"752\" height=\"400\" title=\"Aparelho Fixo Porcelana - Dentz\" srcset=\"https:\/\/rededentz.com.br\/blog\/wp-content\/uploads\/2021\/11\/Blog_Aparelho_FixoPorcelana.jpg 752w, https:\/\/rededentz.com.br\/blog\/wp-content\/uploads\/2021\/11\/Blog_Aparelho_FixoPorcelana-300x160.jpg 300w\" sizes=\"(max-width: 752px) 100vw, 752px\" \/><\/figure>\n\n\n\n<p style=\"color:#414042\" class=\"has-text-color\" align=\"justify\">Essa op\u00e7\u00e3o segue o mesmo m\u00e9todo do Aparelho Convencional Fixo. A \u00fanica diferen\u00e7a entre eles \u00e9 que o Convencional faz uso de br\u00e1quetes met\u00e1licos enquanto o Est\u00e9tico utiliza br\u00e1quetes de porcelana. <\/p>\n\n\n\n<p style=\"color:#414042\" class=\"has-text-color\" align=\"justify\">O material de porcelana tem apar\u00eancia mais opaca e deixa o aparelho, muitas vezes passa despercebido.<\/p>\n\n\n\n<h3 class=\"wp-block-heading\">Aparelho Fixo Est\u00e9tico: Safira<\/h3>\n\n\n\n<figure class=\"wp-block-image size-full is-resized is-style-default\"><img loading=\"lazy\" decoding=\"async\" src=\"https:\/\/rededentz.com.br\/blog\/wp-content\/uploads\/2021\/11\/Blog_Aparelho_FixoSafira.jpg\" alt=\"Aparelho Fixo Safira - Dentz\" class=\"wp-image-163\" width=\"752\" height=\"400\" title=\"Aparelho Fixo Safira - Dentz\" srcset=\"https:\/\/rededentz.com.br\/blog\/wp-content\/uploads\/2021\/11\/Blog_Aparelho_FixoSafira.jpg 752w, https:\/\/rededentz.com.br\/blog\/wp-content\/uploads\/2021\/11\/Blog_Aparelho_FixoSafira-300x160.jpg 300w\" sizes=\"(max-width: 752px) 100vw, 752px\" \/><\/figure>\n\n\n\n<p style=\"color:#414042\" class=\"has-text-color\" align=\"justify\">O tratamento com o aparelho de safira \u00e9 semelhante ao Fixo Convencional e ao Aparelho de Porcelana. No entanto, essa vers\u00e3o faz uso de br\u00e1quetes menores e de apar\u00eancia transl\u00facida para facilitar a adapta\u00e7\u00e3o \u00e0s v\u00e1rias tonalidades dos dentes naturais.<\/p>\n\n\n\n<h3 class=\"wp-block-heading\">Aparelho Autoligado<\/h3>\n\n\n\n<figure class=\"wp-block-image size-full is-resized is-style-default\"><img loading=\"lazy\" decoding=\"async\" src=\"https:\/\/rededentz.com.br\/blog\/wp-content\/uploads\/2021\/11\/Blog_Aparelho_FixoAutoligado.jpg\" alt=\"Aparelho Autoligado - Dentz\" class=\"wp-image-164\" width=\"752\" height=\"400\" title=\"Aparelho Autoligado - Dentz\" srcset=\"https:\/\/rededentz.com.br\/blog\/wp-content\/uploads\/2021\/11\/Blog_Aparelho_FixoAutoligado.jpg 752w, https:\/\/rededentz.com.br\/blog\/wp-content\/uploads\/2021\/11\/Blog_Aparelho_FixoAutoligado-300x160.jpg 300w\" sizes=\"(max-width: 752px) 100vw, 752px\" \/><\/figure>\n\n\n\n<p style=\"color:#414042\" class=\"has-text-color\" align=\"justify\">Como uma vers\u00e3o mais evolu\u00edda do modelo convencional, o Aparelho Autoligado \u00e9 moderno, eficiente, reduz o tempo de tratamento e dispensa o uso dos el\u00e1sticos.<\/p>\n\n\n\n<p style=\"color:#414042\" class=\"has-text-color\" align=\"justify\">Nele o fio ortod\u00f4ntico &#8211; tamb\u00e9m conhecido como \u201carco inteligente\u201d &#8211; passa por dentro das canaletas dos br\u00e1quetes e s\u00e3o presos por uma tampa.<\/p>\n\n\n\n<p style=\"color:#414042\" class=\"has-text-color\" align=\"justify\">Ele \u00e9 inteligente porque se adapta a temperatura bucal para auxiliar na movimenta\u00e7\u00e3o dent\u00e1ria e acelerar o tempo de tratamento.<\/p>\n\n\n\n<p style=\"color:#414042\" class=\"has-text-color\" align=\"justify\">E assim como o modelo convencional, o autoligado tamb\u00e9m tem uma vers\u00e3o est\u00e9tica com material transl\u00facido para aqueles que optarem por sorrisos mais discretos enquanto cuidam do sorriso.<\/p>\n\n\n\n<h3 class=\"wp-block-heading\">Alinhador Transparente &#8211; DentzAligner<\/h3>\n\n\n\n<figure class=\"wp-block-image size-full is-resized is-style-default\"><img loading=\"lazy\" decoding=\"async\" src=\"https:\/\/rededentz.com.br\/blog\/wp-content\/uploads\/2021\/11\/Blog_Aparelho_AlinhadorInivisivel.jpg\" alt=\"Alinhador Transparente - Dentz\" class=\"wp-image-165\" width=\"752\" height=\"400\" title=\"Alinhador Transparente - Dentz\" srcset=\"https:\/\/rededentz.com.br\/blog\/wp-content\/uploads\/2021\/11\/Blog_Aparelho_AlinhadorInivisivel.jpg 752w, https:\/\/rededentz.com.br\/blog\/wp-content\/uploads\/2021\/11\/Blog_Aparelho_AlinhadorInivisivel-300x160.jpg 300w\" sizes=\"(max-width: 752px) 100vw, 752px\" \/><\/figure>\n\n\n\n<p style=\"color:#414042\" class=\"has-text-color\" align=\"justify\"O DentzAligner \u00e9 a mais moderna e inovadora op\u00e7\u00e3o de tratamento ortod\u00f4ntico do mercado, sendo uma evolu\u00e7\u00e3o tecnol\u00f3gica do aparelho tradicional com br\u00e1quetes.><\/p>\n\n\n\n<p style=\"color:#414042\" class=\"has-text-color\" align=\"justify\">\u00c9 desenvolvido para corrigir, de forma r\u00e1pida e eficaz, problemas relacionados \u00e0 mordida, dentes tortos, desalinhados, sorrisos e boca torta. E a grande not\u00edcia: ele \u00e9 transparente e n\u00e3o altera o visual do paciente, sendo uma valiosa op\u00e7\u00e3o de escolha para aqueles que n\u00e3o abrem m\u00e3o da discri\u00e7\u00e3o.<\/p>\n\n\n\n<p style=\"color:#414042\" class=\"has-text-color\" align=\"justify\">Ele \u00e9 desenvolvido sob medida a partir da tecnologia 3D empregada pelo scanner, que \u00e9 capaz de reproduzir uma c\u00f3pia id\u00eantica \u00e0s caracter\u00edsticas da boca do paciente e, ainda, prever todo o processo de tratamento para mostrar como o sorriso dele vai ficar.<\/p>\n\n\n\n<p style=\"color:#414042\" class=\"has-text-color\" align=\"justify\">Ao longo do tratamento o paciente vai trocando os alinhadores de acordo com o progresso de seu tratamento.<\/p>\n\n\n\n<p style=\"color:#414042\" class=\"has-text-color\" align=\"justify\">E suas principais caracter\u00edsticas e benef\u00edcios s\u00e3o:<\/p>\n\n\n\n<p style=\"color:#414042\" class=\"has-text-color\" align=\"justify\">\n&nbsp;&nbsp; \u2022 \u00c9 transparente: apenas os resultados s\u00e3o vis\u00edveis. Ele n\u00e3o.<br>\n&nbsp;&nbsp; \u2022 \u00c9 remov\u00edvel: voc\u00ea pode comer o que quiser, a hora que quiser.<br>\n&nbsp;&nbsp; \u2022 \u00c9 confort\u00e1vel: n\u00e3o faz uso de br\u00e1quetes que podem causar desconforto pelo atrito com os l\u00e1bios.<br>\n&nbsp;&nbsp; \u2022 F\u00e1cil de limpar: os cuidados com a higiene s\u00e3o mais pr\u00e1ticos e eficientes.\n<\/p>\n\n\n\n<h2 class=\"wp-block-heading\">Quadro comparativo: descubra qual \u00e9 a melhor op\u00e7\u00e3o para voc\u00ea<\/h2>\n\n\n\n<p style=\"color:#414042\" class=\"has-text-color\" align=\"justify\">Para facilitar a sua decis\u00e3o, confira a tabela abaixo que mostra um comparativo entre as op\u00e7\u00f5es de aparelhos ortod\u00f4nticos dispon\u00edveis no mercado hoje.<br><br><i>*Os dados s\u00e3o aproximados e podem variar de acordo com as condi\u00e7\u00f5es do paciente.<\/i><\/p>\n\n\n\n<figure class=\"wp-block-table aligncenter is-style-stripes\"><table class=\"has-fixed-layout\"><thead><tr><th class=\"has-text-align-center\" data-align=\"center\"><strong>Modelo<\/strong><\/th><th class=\"has-text-align-center\" data-align=\"center\"><strong>Tempo de Tratamento<\/strong><\/th><th class=\"has-text-align-center\" data-align=\"center\"><strong>Tempo de Manuten\u00e7\u00e3o<\/strong><\/th><th class=\"has-text-align-center\" data-align=\"center\"><strong>Cuidados<\/strong><\/th><th><strong>Retorno<\/strong><\/th><th><strong>Custo (1 a 5)<\/strong><\/th><\/tr><\/thead><tbody><tr><td class=\"has-text-align-center\" data-align=\"center\">M\u00f3vel<\/td><td class=\"has-text-align-center\" data-align=\"center\">12 Meses<\/td><td class=\"has-text-align-center\" data-align=\"center\">15 &#8211; 30 Minutos<\/td><td class=\"has-text-align-center\" data-align=\"center\">Higiene constante. Ter a &#8220;case&#8221; para aguardar e n\u00e3o perder.<\/td><td>Mensal<\/td><td>\ud83e\uddb7\ud83e\uddb7<\/td><\/tr><tr><td class=\"has-text-align-center\" data-align=\"center\">Convencional Fixo e Est\u00e9tico<\/td><td class=\"has-text-align-center\" data-align=\"center\">18 a 36 Meses<\/td><td class=\"has-text-align-center\" data-align=\"center\">15 &#8211; 30 Minutos<\/td><td class=\"has-text-align-center\" data-align=\"center\">Evitar alimentos duros e manter higieniza\u00e7\u00e3o adequada. Uso de cera ortod\u00f4ntica para diminuir atrito.<\/td><td>Mensal<\/td><td>\ud83e\uddb7\ud83e\uddb7<\/td><\/tr><tr><td class=\"has-text-align-center\" data-align=\"center\">Autoligado<\/td><td class=\"has-text-align-center\" data-align=\"center\">12 a 18 Meses<\/td><td class=\"has-text-align-center\" data-align=\"center\">15 a 30 Minutos<\/td><td class=\"has-text-align-center\" data-align=\"center\">Evitar alimentos duros e realizar higieniza\u00e7\u00e3o adequada.<\/td><td>Bimestral<\/td><td>\ud83e\uddb7\ud83e\uddb7\ud83e\uddb7<\/td><\/tr><tr><td class=\"has-text-align-center\" data-align=\"center\">DentzAligner<\/td><td class=\"has-text-align-center\" data-align=\"center\">12 a 18 Meses<\/td><td class=\"has-text-align-center\" data-align=\"center\">15 a 30 Minutos<\/td><td class=\"has-text-align-center\" data-align=\"center\">Manter higiene constante tanto na boca quanto do aparelho. Ter a &#8220;case&#8221; sempre consigo.<\/td><td>Quinzenal ou Mensal<\/td><td>\ud83e\uddb7\ud83e\uddb7\ud83e\uddb7\ud83e\uddb7<\/td><\/tr><\/tbody><\/table><\/figure>\n\n\n\n<p style=\"color:#414042\" class=\"has-text-color\" align=\"justify\">Vale sempre lembrar que muito embora o paciente seja respons\u00e1vel por decidir cuidar de seus dentes, a prefer\u00eancia dele por determinado modelo de aparelho pode n\u00e3o ser o suficiente para realizar o tratamento atrav\u00e9s dele.<\/p>\n\n\n\n<p style=\"color:#414042\" class=\"has-text-color\" align=\"justify\">Isso pode acontecer porque \u00e9 a partir da avalia\u00e7\u00e3o feita pelo profissional ortodontista que ele saber\u00e1 qual a melhor indica\u00e7\u00e3o de aparelho para tratar suas necessidades, podendo ou n\u00e3o coincidir com as vontades pessoais.<\/p>\n\n\n\n<p style=\"color:#414042\" class=\"has-text-color\" align=\"justify\">E se voc\u00ea precisa corrigir os seus dentes, seja para conseguir um sorriso bonito ou para melhorar a sua qualidade de vida, voc\u00ea precisa conhecer a <b>Dentz<\/b>.<\/p>\n\n\n\n<p style=\"color:#414042\" class=\"has-text-color\" align=\"justify\">A mais inovadora cl\u00ednica odontol\u00f3gica que tem como foco oferecer de forma acess\u00edvel o melhor atendimento para cuidar da sua sa\u00fade bucal.<\/p>\n\n\n\n<p style=\"color:#414042\" class=\"has-text-color\" align=\"justify\">Nela voc\u00ea encontra a maior e melhor oferta de cr\u00e9dito com a op\u00e7\u00e3o de financiar o seu tratamento odontol\u00f3gico em at\u00e9 24x. <\/p>\n\n\n\n<figure class=\"wp-block-image size-large is-resized is-style-default\"><img loading=\"lazy\" decoding=\"async\" src=\"http:\/\/rededentz.com.br\/images\/Dentz_FachadaAlphaville.jpg\" alt=\"Dentz - Cl\u00ednicas Odontol\u00f3gicas\" width=\"752\" height=\"487\" title=\"Dentz - Cl\u00ednicas Odontol\u00f3gicas\"\/><\/figure>\n\n\n\n<p style=\"color:#414042\" class=\"has-text-color\" align=\"justify\">Agende agora a sua avalia\u00e7\u00e3o e conquiste o t\u00e3o sonhado sorriso perfeito. <a href=\"https:\/\/www.rededentz.com.br\/agende-sua-avaliacao\/\" target=\"blank\" rel=\"noopener noreferrer\" style=\"color:#2b11db\">Clique aqui para agendar<\/a>.<\/p>\n\n\n\n<p><\/p>\n","protected":false},"excerpt":{"rendered":"Conhe\u00e7a todas as op\u00e7\u00f5es de aparelhos ortod\u00f4nticos e escolha sem dificuldades qual a melhor op\u00e7\u00e3o para iniciar o seu tratamento em uma cl\u00ednica \n<a class=\"moretag\" href=\"https:\/\/rededentz.com.br\/blog\/como-escolher-a-melhor-opcao-de-aparelho-ortodontico\/\"> [...]<\/a>","protected":false},"author":2,"featured_media":173,"comment_status":"open","ping_status":"open","sticky":false,"template":"","format":"standard","meta":{"_monsterinsights_skip_tracking":false,"_monsterinsights_sitenote_active":false,"_monsterinsights_sitenote_note":"","_monsterinsights_sitenote_category":0,"footnotes":""},"categories":[4],"tags":[],"yoast_head":"<!-- This site is optimized with the Yoast SEO plugin v22.8 - https:\/\/yoast.com\/wordpress\/plugins\/seo\/ -->\n<title>Como escolher a melhor op\u00e7\u00e3o de aparelho ortod\u00f4ntico - Blog | Dentz<\/title>\n<meta name=\"description\" content=\"Descubra como escolher a melhor op\u00e7\u00e3o de aparelho ortod\u00f4ntico para iniciar o seu tratamento sem dificuldades.\" \/>\n<meta name=\"robots\" content=\"index, follow, max-snippet:-1, max-image-preview:large, max-video-preview:-1\" \/>\n<link rel=\"canonical\" href=\"https:\/\/rededentz.com.br\/blog\/como-escolher-a-melhor-opcao-de-aparelho-ortodontico\/\" \/>\n<meta property=\"og:locale\" content=\"pt_BR\" \/>\n<meta property=\"og:type\" content=\"article\" \/>\n<meta property=\"og:title\" content=\"Como escolher a melhor op\u00e7\u00e3o de aparelho ortod\u00f4ntico - Blog | Dentz\" \/>\n<meta property=\"og:description\" content=\"Descubra como escolher a melhor op\u00e7\u00e3o de aparelho ortod\u00f4ntico para iniciar o seu tratamento sem dificuldades.\" \/>\n<meta property=\"og:url\" content=\"https:\/\/rededentz.com.br\/blog\/como-escolher-a-melhor-opcao-de-aparelho-ortodontico\/\" \/>\n<meta property=\"og:site_name\" content=\"Blog | Dentz\" \/>\n<meta property=\"article:published_time\" content=\"2021-11-09T14:15:30+00:00\" \/>\n<meta property=\"article:modified_time\" content=\"2021-11-09T14:15:32+00:00\" \/>\n<meta property=\"og:image\" content=\"https:\/\/rededentz.com.br\/blog\/wp-content\/uploads\/2021\/11\/ThumbPostBlog-1.jpg\" \/>\n\t<meta property=\"og:image:width\" content=\"752\" \/>\n\t<meta property=\"og:image:height\" content=\"400\" \/>\n\t<meta property=\"og:image:type\" content=\"image\/jpeg\" \/>\n<meta name=\"author\" content=\"Dr. Dentz\" \/>\n<meta name=\"twitter:card\" content=\"summary_large_image\" \/>\n<meta name=\"twitter:label1\" content=\"Escrito por\" \/>\n\t<meta name=\"twitter:data1\" content=\"Dr. Dentz\" \/>\n\t<meta name=\"twitter:label2\" content=\"Est. tempo de leitura\" \/>\n\t<meta name=\"twitter:data2\" content=\"7 minutos\" \/>\n<script type=\"application\/ld+json\" class=\"yoast-schema-graph\">{\"@context\":\"https:\/\/schema.org\",\"@graph\":[{\"@type\":\"WebPage\",\"@id\":\"https:\/\/rededentz.com.br\/blog\/como-escolher-a-melhor-opcao-de-aparelho-ortodontico\/\",\"url\":\"https:\/\/rededentz.com.br\/blog\/como-escolher-a-melhor-opcao-de-aparelho-ortodontico\/\",\"name\":\"Como escolher a melhor op\u00e7\u00e3o de aparelho ortod\u00f4ntico - Blog | Dentz\",\"isPartOf\":{\"@id\":\"https:\/\/rededentz.com.br\/blog\/#website\"},\"primaryImageOfPage\":{\"@id\":\"https:\/\/rededentz.com.br\/blog\/como-escolher-a-melhor-opcao-de-aparelho-ortodontico\/#primaryimage\"},\"image\":{\"@id\":\"https:\/\/rededentz.com.br\/blog\/como-escolher-a-melhor-opcao-de-aparelho-ortodontico\/#primaryimage\"},\"thumbnailUrl\":\"https:\/\/rededentz.com.br\/blog\/wp-content\/uploads\/2021\/11\/ThumbPostBlog-1.jpg\",\"datePublished\":\"2021-11-09T14:15:30+00:00\",\"dateModified\":\"2021-11-09T14:15:32+00:00\",\"author\":{\"@id\":\"https:\/\/rededentz.com.br\/blog\/#\/schema\/person\/33b09e29c6b4089abf6e88b23bb14484\"},\"description\":\"Descubra como escolher a melhor op\u00e7\u00e3o de aparelho ortod\u00f4ntico para iniciar o seu tratamento sem dificuldades.\",\"breadcrumb\":{\"@id\":\"https:\/\/rededentz.com.br\/blog\/como-escolher-a-melhor-opcao-de-aparelho-ortodontico\/#breadcrumb\"},\"inLanguage\":\"pt-BR\",\"potentialAction\":[{\"@type\":\"ReadAction\",\"target\":[\"https:\/\/rededentz.com.br\/blog\/como-escolher-a-melhor-opcao-de-aparelho-ortodontico\/\"]}]},{\"@type\":\"ImageObject\",\"inLanguage\":\"pt-BR\",\"@id\":\"https:\/\/rededentz.com.br\/blog\/como-escolher-a-melhor-opcao-de-aparelho-ortodontico\/#primaryimage\",\"url\":\"https:\/\/rededentz.com.br\/blog\/wp-content\/uploads\/2021\/11\/ThumbPostBlog-1.jpg\",\"contentUrl\":\"https:\/\/rededentz.com.br\/blog\/wp-content\/uploads\/2021\/11\/ThumbPostBlog-1.jpg\",\"width\":752,\"height\":400,\"caption\":\"Como escolher a melhor op\u00e7\u00e3o de aparelho ortod\u00f4ntico\"},{\"@type\":\"BreadcrumbList\",\"@id\":\"https:\/\/rededentz.com.br\/blog\/como-escolher-a-melhor-opcao-de-aparelho-ortodontico\/#breadcrumb\",\"itemListElement\":[{\"@type\":\"ListItem\",\"position\":1,\"name\":\"In\u00edcio\",\"item\":\"https:\/\/rededentz.com.br\/blog\/\"},{\"@type\":\"ListItem\",\"position\":2,\"name\":\"Como escolher a melhor op\u00e7\u00e3o de aparelho ortod\u00f4ntico\"}]},{\"@type\":\"WebSite\",\"@id\":\"https:\/\/rededentz.com.br\/blog\/#website\",\"url\":\"https:\/\/rededentz.com.br\/blog\/\",\"name\":\"Blog | Dentz\",\"description\":\"Os Melhores Dentistas ao seu Alcance\",\"potentialAction\":[{\"@type\":\"SearchAction\",\"target\":{\"@type\":\"EntryPoint\",\"urlTemplate\":\"https:\/\/rededentz.com.br\/blog\/?s={search_term_string}\"},\"query-input\":\"required name=search_term_string\"}],\"inLanguage\":\"pt-BR\"},{\"@type\":\"Person\",\"@id\":\"https:\/\/rededentz.com.br\/blog\/#\/schema\/person\/33b09e29c6b4089abf6e88b23bb14484\",\"name\":\"Dr. Dentz\",\"url\":\"https:\/\/rededentz.com.br\/blog\/author\/dentz\/\"}]}<\/script>\n<!-- \/ Yoast SEO plugin. -->","yoast_head_json":{"title":"Como escolher a melhor op\u00e7\u00e3o de aparelho ortod\u00f4ntico - Blog | Dentz","description":"Descubra como escolher a melhor op\u00e7\u00e3o de aparelho ortod\u00f4ntico para iniciar o seu tratamento sem dificuldades.","robots":{"index":"index","follow":"follow","max-snippet":"max-snippet:-1","max-image-preview":"max-image-preview:large","max-video-preview":"max-video-preview:-1"},"canonical":"https:\/\/rededentz.com.br\/blog\/como-escolher-a-melhor-opcao-de-aparelho-ortodontico\/","og_locale":"pt_BR","og_type":"article","og_title":"Como escolher a melhor op\u00e7\u00e3o de aparelho ortod\u00f4ntico - Blog | Dentz","og_description":"Descubra como escolher a melhor op\u00e7\u00e3o de aparelho ortod\u00f4ntico para iniciar o seu tratamento sem dificuldades.","og_url":"https:\/\/rededentz.com.br\/blog\/como-escolher-a-melhor-opcao-de-aparelho-ortodontico\/","og_site_name":"Blog | Dentz","article_published_time":"2021-11-09T14:15:30+00:00","article_modified_time":"2021-11-09T14:15:32+00:00","og_image":[{"width":752,"height":400,"url":"https:\/\/rededentz.com.br\/blog\/wp-content\/uploads\/2021\/11\/ThumbPostBlog-1.jpg","type":"image\/jpeg"}],"author":"Dr. Dentz","twitter_card":"summary_large_image","twitter_misc":{"Escrito por":"Dr. Dentz","Est. tempo de leitura":"7 minutos"},"schema":{"@context":"https:\/\/schema.org","@graph":[{"@type":"WebPage","@id":"https:\/\/rededentz.com.br\/blog\/como-escolher-a-melhor-opcao-de-aparelho-ortodontico\/","url":"https:\/\/rededentz.com.br\/blog\/como-escolher-a-melhor-opcao-de-aparelho-ortodontico\/","name":"Como escolher a melhor op\u00e7\u00e3o de aparelho ortod\u00f4ntico - Blog | Dentz","isPartOf":{"@id":"https:\/\/rededentz.com.br\/blog\/#website"},"primaryImageOfPage":{"@id":"https:\/\/rededentz.com.br\/blog\/como-escolher-a-melhor-opcao-de-aparelho-ortodontico\/#primaryimage"},"image":{"@id":"https:\/\/rededentz.com.br\/blog\/como-escolher-a-melhor-opcao-de-aparelho-ortodontico\/#primaryimage"},"thumbnailUrl":"https:\/\/rededentz.com.br\/blog\/wp-content\/uploads\/2021\/11\/ThumbPostBlog-1.jpg","datePublished":"2021-11-09T14:15:30+00:00","dateModified":"2021-11-09T14:15:32+00:00","author":{"@id":"https:\/\/rededentz.com.br\/blog\/#\/schema\/person\/33b09e29c6b4089abf6e88b23bb14484"},"description":"Descubra como escolher a melhor op\u00e7\u00e3o de aparelho ortod\u00f4ntico para iniciar o seu tratamento sem dificuldades.","breadcrumb":{"@id":"https:\/\/rededentz.com.br\/blog\/como-escolher-a-melhor-opcao-de-aparelho-ortodontico\/#breadcrumb"},"inLanguage":"pt-BR","potentialAction":[{"@type":"ReadAction","target":["https:\/\/rededentz.com.br\/blog\/como-escolher-a-melhor-opcao-de-aparelho-ortodontico\/"]}]},{"@type":"ImageObject","inLanguage":"pt-BR","@id":"https:\/\/rededentz.com.br\/blog\/como-escolher-a-melhor-opcao-de-aparelho-ortodontico\/#primaryimage","url":"https:\/\/rededentz.com.br\/blog\/wp-content\/uploads\/2021\/11\/ThumbPostBlog-1.jpg","contentUrl":"https:\/\/rededentz.com.br\/blog\/wp-content\/uploads\/2021\/11\/ThumbPostBlog-1.jpg","width":752,"height":400,"caption":"Como escolher a melhor op\u00e7\u00e3o de aparelho ortod\u00f4ntico"},{"@type":"BreadcrumbList","@id":"https:\/\/rededentz.com.br\/blog\/como-escolher-a-melhor-opcao-de-aparelho-ortodontico\/#breadcrumb","itemListElement":[{"@type":"ListItem","position":1,"name":"In\u00edcio","item":"https:\/\/rededentz.com.br\/blog\/"},{"@type":"ListItem","position":2,"name":"Como escolher a melhor op\u00e7\u00e3o de aparelho ortod\u00f4ntico"}]},{"@type":"WebSite","@id":"https:\/\/rededentz.com.br\/blog\/#website","url":"https:\/\/rededentz.com.br\/blog\/","name":"Blog | Dentz","description":"Os Melhores Dentistas ao seu Alcance","potentialAction":[{"@type":"SearchAction","target":{"@type":"EntryPoint","urlTemplate":"https:\/\/rededentz.com.br\/blog\/?s={search_term_string}"},"query-input":"required name=search_term_string"}],"inLanguage":"pt-BR"},{"@type":"Person","@id":"https:\/\/rededentz.com.br\/blog\/#\/schema\/person\/33b09e29c6b4089abf6e88b23bb14484","name":"Dr. Dentz","url":"https:\/\/rededentz.com.br\/blog\/author\/dentz\/"}]}},"_links":{"self":[{"href":"https:\/\/rededentz.com.br\/blog\/wp-json\/wp\/v2\/posts\/159"}],"collection":[{"href":"https:\/\/rededentz.com.br\/blog\/wp-json\/wp\/v2\/posts"}],"about":[{"href":"https:\/\/rededentz.com.br\/blog\/wp-json\/wp\/v2\/types\/post"}],"author":[{"embeddable":true,"href":"https:\/\/rededentz.com.br\/blog\/wp-json\/wp\/v2\/users\/2"}],"replies":[{"embeddable":true,"href":"https:\/\/rededentz.com.br\/blog\/wp-json\/wp\/v2\/comments?post=159"}],"version-history":[{"count":4,"href":"https:\/\/rededentz.com.br\/blog\/wp-json\/wp\/v2\/posts\/159\/revisions"}],"predecessor-version":[{"id":172,"href":"https:\/\/rededentz.com.br\/blog\/wp-json\/wp\/v2\/posts\/159\/revisions\/172"}],"wp:featuredmedia":[{"embeddable":true,"href":"https:\/\/rededentz.com.br\/blog\/wp-json\/wp\/v2\/media\/173"}],"wp:attachment":[{"href":"https:\/\/rededentz.com.br\/blog\/wp-json\/wp\/v2\/media?parent=159"}],"wp:term":[{"taxonomy":"category","embeddable":true,"href":"https:\/\/rededentz.com.br\/blog\/wp-json\/wp\/v2\/categories?post=159"},{"taxonomy":"post_tag","embeddable":true,"href":"https:\/\/rededentz.com.br\/blog\/wp-json\/wp\/v2\/tags?post=159"}],"curies":[{"name":"wp","href":"https:\/\/api.w.org\/{rel}","templated":true}]}}