{"id":229,"date":"2022-01-25T09:54:01","date_gmt":"2022-01-25T12:54:01","guid":{"rendered":"https:\/\/rededentz.com.br\/blog\/?p=229"},"modified":"2022-01-25T09:54:04","modified_gmt":"2022-01-25T12:54:04","slug":"botox-alem-da-estetica","status":"publish","type":"post","link":"https:\/\/rededentz.com.br\/blog\/botox-alem-da-estetica\/","title":{"rendered":"Botox al\u00e9m da est\u00e9tica"},"content":{"rendered":"\n<p><em>Descubra como a toxina botul\u00ednica, o Botox, pode ser um grande aliado para tratamento de problemas que n\u00e3o est\u00e3o ligados diretamente \u00e0 est\u00e9tica.<\/em><\/p>\n\n\n\n<p style=\"color:#414042\" class=\"has-text-color\" align=\"justify\">Quando ouvimos algu\u00e9m falar sobre Botox, inevitavelmente pensamos em rugas, linhas de express\u00e3o e rejuvenescimento. Mas, como voc\u00ea j\u00e1 deve supor, a toxina botul\u00ednica n\u00e3o \u00e9 exclusiva dos tratamentos puramente est\u00e9ticos.<\/p>\n\n\n\n<p style=\"color:#414042\" class=\"has-text-color\" align=\"justify\">Nessa postagem voc\u00ea ir\u00e1 descobrir como essa subst\u00e2ncia consegue mudar a qualidade de vida das pessoas que sofrem com problemas bem comuns e que comumente desconhecem o Botox como uma solu\u00e7\u00e3o extremamente eficaz.<\/p>\n\n\n\n<p style=\"color:#414042\" class=\"has-text-color\" align=\"justify\">Por\u00e9m, antes de falarmos diretamente sobre as indica\u00e7\u00f5es e cuidados, vamos entender melhor o que \u00e9 esta toxina e como ela age em nosso corpo.<\/p>\n\n\n\n<h2 class=\"wp-block-heading\">O que \u00e9 a toxina botul\u00ednica?<\/h2>\n\n\n\n<p style=\"color:#414042\" class=\"has-text-color\" align=\"justify\">A toxina botul\u00ednica \u00e9 uma neurotoxina produzida pela bact\u00e9ria Clostridium botulinum e que, em pequenas doses, auxilia no tratamento de diversos problemas que veremos logo abaixo nesse post.<\/p>\n\n\n\n<h2 class=\"wp-block-heading\">Qual a fun\u00e7\u00e3o da toxina botul\u00ednica?<\/h2>\n\n\n\n<p style=\"color:#414042\" class=\"has-text-color\" align=\"justify\">Sendo um medicamento biol\u00f3gico injet\u00e1vel, ela atua sobre os nervos motores e impede a libera\u00e7\u00e3o de neurotransmissores que provocam a contra\u00e7\u00e3o de m\u00fasculos relacionados a problemas funcionais &#8211; que \u00e9 o foco dessa postagem &#8211; e est\u00e9ticos.<\/p>\n\n\n\n<p style=\"color:#414042\" class=\"has-text-color\" align=\"justify\">Como consequ\u00eancia, ocorre a paralisa\u00e7\u00e3o parcial ou total de determinados m\u00fasculos. Com os m\u00fasculos impossibilitados de receber comandos para se movimentarem, o tecido relaxa e ent\u00e3o os resultados terap\u00eauticos s\u00e3o alcan\u00e7ados.<\/p>\n\n\n\n<p style=\"color:#414042\" class=\"has-text-color\" align=\"justify\">Os efeitos j\u00e1 podem ser percebidos a partir do 4\u00ba dia da aplica\u00e7\u00e3o e a dura\u00e7\u00e3o \u00e9 passageira e a toxina deve ser reaplicada para manter os resultados desejados.<\/p>\n\n\n\n<h2 class=\"wp-block-heading\">O uso do Botox pelos dentistas<\/h2>\n\n\n\n<p style=\"color:#414042\" class=\"has-text-color\" align=\"justify\">omo vimos na primeira parte desse post, a aplica\u00e7\u00e3o Botox nem sempre est\u00e1 diretamente relacionada \u00e0 est\u00e9tica. Em muitos casos, ele \u00e9 utilizado para amenizar dores e inc\u00f4modos.<\/p>\n\n\n\n<p style=\"color:#414042\" class=\"has-text-color\" align=\"justify\">Na odontologia, existem alguns tipos de patologias que podem ser amenizadas com a aplica\u00e7\u00e3o da toxina em quest\u00e3o, e voc\u00ea ir\u00e1 descobrir algumas delas aqui.<\/p>\n\n\n\n<h3 class=\"wp-block-heading\">1. Bruxismo<\/h3>\n\n\n\n<figure class=\"wp-block-image size-full is-style-default\"><img fetchpriority=\"high\" decoding=\"async\" width=\"752\" height=\"400\" src=\"https:\/\/rededentz.com.br\/blog\/wp-content\/uploads\/2022\/01\/001.jpg\" alt=\"Bruxismo\" class=\"wp-image-231\" srcset=\"https:\/\/rededentz.com.br\/blog\/wp-content\/uploads\/2022\/01\/001.jpg 752w, https:\/\/rededentz.com.br\/blog\/wp-content\/uploads\/2022\/01\/001-300x160.jpg 300w\" sizes=\"(max-width: 752px) 100vw, 752px\" \/><\/figure>\n\n\n\n<p style=\"color:#414042\" class=\"has-text-color\" align=\"justify\">O bruxismo \u00e9 o ato de ranger os dentes durante o sono, e essa patologia afeta cerca de 30% dos brasileiros.<\/p>\n\n\n\n<p style=\"color:#414042\" class=\"has-text-color\" align=\"justify\">Os principais sintomas s\u00e3o:<br><br>\n&nbsp;&nbsp; \u2022 Desgaste ou amolecimento dos dentes<br>\n&nbsp;&nbsp; \u2022 Dores nas articula\u00e7\u00f5es e de cabe\u00e7a<br>\n&nbsp;&nbsp; \u2022 Cansa\u00e7o durante o dia por conta da noite mal dormida<\/p>\n\n\n\n<p style=\"color:#414042\" class=\"has-text-color\" align=\"justify\">O tratamento convencional para o bruxismo \u00e9 o uso de placa noturna de acr\u00edlico que impede o contato entre os dentes, mas ainda assim acaba sendo desconfort\u00e1vel para quem utiliza. Afinal, o sono \u00e9 um momento de descanso e precisamos nos sentir bem para relaxar.<\/p>\n\n\n\n<p style=\"color:#414042\" class=\"has-text-color\" align=\"justify\">Por isso a <b>toxina botul\u00ednica<\/b> entra como uma <b>solu\u00e7\u00e3o r\u00e1pida e eficaz<\/b> para esse tipo de problema. Ap\u00f3s a sua aplica\u00e7\u00e3o, o paciente n\u00e3o precisa utilizar a placa de acr\u00edlico. O m\u00fasculo mastigat\u00f3rio relaxa devido a paralisa\u00e7\u00e3o induzida e, como consequente, <b>o ranger dos dentes \u00e9 interrompido<\/b> e a <b>qualidade do sono<\/b> e, consequentemente <b>de vida, s\u00e3o restabelecidas<\/b>.<\/p>\n\n\n\n<h3 class=\"wp-block-heading\">2. Dor facial<\/h3>\n\n\n\n<figure class=\"wp-block-image size-full is-style-default\"><img decoding=\"async\" width=\"752\" height=\"400\" src=\"https:\/\/rededentz.com.br\/blog\/wp-content\/uploads\/2022\/01\/002.jpg\" alt=\"\" class=\"wp-image-233\" srcset=\"https:\/\/rededentz.com.br\/blog\/wp-content\/uploads\/2022\/01\/002.jpg 752w, https:\/\/rededentz.com.br\/blog\/wp-content\/uploads\/2022\/01\/002-300x160.jpg 300w\" sizes=\"(max-width: 752px) 100vw, 752px\" \/><\/figure>\n\n\n\n<p style=\"color:#414042\" class=\"has-text-color\" align=\"justify\">Dores faciais que s\u00e3o provocadas pela altera\u00e7\u00e3o na articula\u00e7\u00e3o que une o maxilar \u00e0 mand\u00edbula e causam desconfortos de diferentes n\u00edveis, do leve ao extremo.<\/p>\n\n\n\n<p style=\"color:#414042\" class=\"has-text-color\" align=\"justify\">Comumente tratada com medicamentos, que t\u00eam efeitos n\u00e3o satisfat\u00f3rios, a dor facial tamb\u00e9m pode ser tratada com a <b>toxina botul\u00ednica<\/b> &#8211; que \u00e9 aplicada diretamente no m\u00fasculo e <b>interrompe a comunica\u00e7\u00e3o do m\u00fasculo com o nervo<\/b> e, como consequ\u00eancia, <b>diminui a intensidade da contra\u00e7\u00e3o muscular e promove o al\u00edvio da dor<\/b>.<\/p>\n\n\n\n<h3 class=\"wp-block-heading\">3. Sorriso gengival<\/h3>\n\n\n\n<figure class=\"wp-block-image size-full is-style-default\"><img decoding=\"async\" width=\"752\" height=\"400\" src=\"https:\/\/rededentz.com.br\/blog\/wp-content\/uploads\/2022\/01\/003.jpg\" alt=\"\" class=\"wp-image-234\" srcset=\"https:\/\/rededentz.com.br\/blog\/wp-content\/uploads\/2022\/01\/003.jpg 752w, https:\/\/rededentz.com.br\/blog\/wp-content\/uploads\/2022\/01\/003-300x160.jpg 300w\" sizes=\"(max-width: 752px) 100vw, 752px\" \/><\/figure>\n\n\n\n<p style=\"color:#414042\" class=\"has-text-color\" align=\"justify\">O sorriso gengival acontece quando existe uma exposi\u00e7\u00e3o exagerada das gengivas ao falar ou sorrir. Embora em um primeiro momento a busca por um tratamento para o sorriso gengival aparente ser apenas uma quest\u00e3o est\u00e9tica, os motivos v\u00e3o al\u00e9m disso.<\/p>\n\n\n\n<p style=\"color:#414042\" class=\"has-text-color\" align=\"justify\">O sorriso gengival \u00e9 algo que afeta sim a autoestima do indiv\u00edduo, mas tamb\u00e9m pode atrapalhar a sua fala, a sua respira\u00e7\u00e3o e tornar a gengiva mais propensa a sofrer com inflama\u00e7\u00f5es (gengivite).<\/p>\n\n\n\n<p style=\"color:#414042\" class=\"has-text-color\" align=\"justify\">E para trat\u00e1-lo existem algumas op\u00e7\u00f5es, como gengivoplastia, gengivectomia, cirurgia ortogn\u00e1tica e cirurgia de reposicionamento labial. Todas essas op\u00e7\u00f5es acabam sendo mais invasivas e exigem certo cuidado no p\u00f3s-operat\u00f3rio.<\/p>\n\n\n\n<p style=\"color:#414042\" class=\"has-text-color\" align=\"justify\">No entanto, para aqueles que buscam uma alternativa menos invasiva, a <b>aplica\u00e7\u00e3o da toxina botul\u00ednica<\/b> (Botox) \u00e9 indicada para <b>reduzir a atividade do m\u00fasculo respons\u00e1vel pelo sorriso e reposicionar o l\u00e1bio<\/b>.<\/p>\n\n\n\n<p style=\"color:#414042\" class=\"has-text-color\" align=\"justify\">Esses s\u00e3o apenas 3 dos in\u00fameros procedimentos que podem ser feitos com a aplica\u00e7\u00e3o da toxina botul\u00ednica &#8211; sejam eles funcionais ou est\u00e9ticos.<\/p>\n\n\n\n<p style=\"color:#414042\" class=\"has-text-color\" align=\"justify\">E se voc\u00ea se identificou com algum dos problemas citados nesta mat\u00e9ria e est\u00e1 em busca de uma cl\u00ednica especializada para melhorar a sua qualidade de vida, conte com a Dentz.<\/p>\n\n\n\n<p style=\"color:#414042\" class=\"has-text-color\" align=\"justify\">Com a maior oferta de cr\u00e9dito &#8211; que facilita parcelamentos e financiamentos para tratamentos na cl\u00ednica &#8211; a <a href=\"https:\/\/rededentz.com.br\" target=\"blank\" rel=\"noopener noreferrer\" style=\"color:#2b11db\">Dentz<\/a> conta com profissionais extremamente qualificados para cuidar de voc\u00ea, do seu sorriso e da sua sa\u00fade bucal.<\/p>\n\n\n\n<p style=\"color:#414042\" class=\"has-text-color\" align=\"justify\">Agende agora a sua avalia\u00e7\u00e3o clicando <a href=\"https:\/\/www.rededentz.com.br\/agende-sua-avaliacao\/\" target=\"blank\" rel=\"noopener noreferrer\" style=\"color:#2b11db\">neste link<\/a>.<\/p>\n","protected":false},"excerpt":{"rendered":"Descubra como a toxina botul\u00ednica, o Botox, pode ser um grande aliado para tratamento de problemas que n\u00e3o est\u00e3o ligados diretamente \u00e0 est\u00e9tica.\n<a class=\"moretag\" href=\"https:\/\/rededentz.com.br\/blog\/botox-alem-da-estetica\/\"> [...]<\/a>","protected":false},"author":2,"featured_media":236,"comment_status":"open","ping_status":"open","sticky":false,"template":"","format":"standard","meta":{"_monsterinsights_skip_tracking":false,"_monsterinsights_sitenote_active":false,"_monsterinsights_sitenote_note":"","_monsterinsights_sitenote_category":0,"footnotes":""},"categories":[8],"tags":[],"yoast_head":"<!-- This site is optimized with the Yoast SEO plugin v22.8 - https:\/\/yoast.com\/wordpress\/plugins\/seo\/ -->\n<title>Botox al\u00e9m da est\u00e9tica - Blog | Dentz<\/title>\n<meta name=\"description\" content=\"Descubra como o Botox, pode ser um grande aliado para tratamento de problemas que n\u00e3o est\u00e3o ligados diretamente \u00e0 est\u00e9tica.\" \/>\n<meta name=\"robots\" content=\"index, follow, max-snippet:-1, max-image-preview:large, max-video-preview:-1\" \/>\n<link rel=\"canonical\" href=\"https:\/\/rededentz.com.br\/blog\/botox-alem-da-estetica\/\" \/>\n<meta property=\"og:locale\" content=\"pt_BR\" \/>\n<meta property=\"og:type\" content=\"article\" \/>\n<meta property=\"og:title\" content=\"Botox al\u00e9m da est\u00e9tica - Blog | Dentz\" \/>\n<meta property=\"og:description\" content=\"Descubra como o Botox, pode ser um grande aliado para tratamento de problemas que n\u00e3o est\u00e3o ligados diretamente \u00e0 est\u00e9tica.\" \/>\n<meta property=\"og:url\" content=\"https:\/\/rededentz.com.br\/blog\/botox-alem-da-estetica\/\" \/>\n<meta property=\"og:site_name\" content=\"Blog | Dentz\" \/>\n<meta property=\"article:published_time\" content=\"2022-01-25T12:54:01+00:00\" \/>\n<meta property=\"article:modified_time\" content=\"2022-01-25T12:54:04+00:00\" \/>\n<meta property=\"og:image\" content=\"https:\/\/rededentz.com.br\/blog\/wp-content\/uploads\/2022\/01\/D-_Marketing_Online_Site_00_editaveis_Dentz_ThumbPostBlog.jpg\" \/>\n\t<meta property=\"og:image:width\" content=\"752\" \/>\n\t<meta property=\"og:image:height\" content=\"400\" \/>\n\t<meta property=\"og:image:type\" content=\"image\/jpeg\" \/>\n<meta name=\"author\" content=\"Dr. Dentz\" \/>\n<meta name=\"twitter:card\" content=\"summary_large_image\" \/>\n<meta name=\"twitter:label1\" content=\"Escrito por\" \/>\n\t<meta name=\"twitter:data1\" content=\"Dr. Dentz\" \/>\n\t<meta name=\"twitter:label2\" content=\"Est. tempo de leitura\" \/>\n\t<meta name=\"twitter:data2\" content=\"5 minutos\" \/>\n<script type=\"application\/ld+json\" class=\"yoast-schema-graph\">{\"@context\":\"https:\/\/schema.org\",\"@graph\":[{\"@type\":\"WebPage\",\"@id\":\"https:\/\/rededentz.com.br\/blog\/botox-alem-da-estetica\/\",\"url\":\"https:\/\/rededentz.com.br\/blog\/botox-alem-da-estetica\/\",\"name\":\"Botox al\u00e9m da est\u00e9tica - Blog | Dentz\",\"isPartOf\":{\"@id\":\"https:\/\/rededentz.com.br\/blog\/#website\"},\"primaryImageOfPage\":{\"@id\":\"https:\/\/rededentz.com.br\/blog\/botox-alem-da-estetica\/#primaryimage\"},\"image\":{\"@id\":\"https:\/\/rededentz.com.br\/blog\/botox-alem-da-estetica\/#primaryimage\"},\"thumbnailUrl\":\"https:\/\/rededentz.com.br\/blog\/wp-content\/uploads\/2022\/01\/D-_Marketing_Online_Site_00_editaveis_Dentz_ThumbPostBlog.jpg\",\"datePublished\":\"2022-01-25T12:54:01+00:00\",\"dateModified\":\"2022-01-25T12:54:04+00:00\",\"author\":{\"@id\":\"https:\/\/rededentz.com.br\/blog\/#\/schema\/person\/33b09e29c6b4089abf6e88b23bb14484\"},\"description\":\"Descubra como o Botox, pode ser um grande aliado para tratamento de problemas que n\u00e3o est\u00e3o ligados diretamente \u00e0 est\u00e9tica.\",\"breadcrumb\":{\"@id\":\"https:\/\/rededentz.com.br\/blog\/botox-alem-da-estetica\/#breadcrumb\"},\"inLanguage\":\"pt-BR\",\"potentialAction\":[{\"@type\":\"ReadAction\",\"target\":[\"https:\/\/rededentz.com.br\/blog\/botox-alem-da-estetica\/\"]}]},{\"@type\":\"ImageObject\",\"inLanguage\":\"pt-BR\",\"@id\":\"https:\/\/rededentz.com.br\/blog\/botox-alem-da-estetica\/#primaryimage\",\"url\":\"https:\/\/rededentz.com.br\/blog\/wp-content\/uploads\/2022\/01\/D-_Marketing_Online_Site_00_editaveis_Dentz_ThumbPostBlog.jpg\",\"contentUrl\":\"https:\/\/rededentz.com.br\/blog\/wp-content\/uploads\/2022\/01\/D-_Marketing_Online_Site_00_editaveis_Dentz_ThumbPostBlog.jpg\",\"width\":752,\"height\":400,\"caption\":\"Botox al\u00e9m da est\u00e9tica\"},{\"@type\":\"BreadcrumbList\",\"@id\":\"https:\/\/rededentz.com.br\/blog\/botox-alem-da-estetica\/#breadcrumb\",\"itemListElement\":[{\"@type\":\"ListItem\",\"position\":1,\"name\":\"In\u00edcio\",\"item\":\"https:\/\/rededentz.com.br\/blog\/\"},{\"@type\":\"ListItem\",\"position\":2,\"name\":\"Botox al\u00e9m da est\u00e9tica\"}]},{\"@type\":\"WebSite\",\"@id\":\"https:\/\/rededentz.com.br\/blog\/#website\",\"url\":\"https:\/\/rededentz.com.br\/blog\/\",\"name\":\"Blog | Dentz\",\"description\":\"Os Melhores Dentistas ao seu Alcance\",\"potentialAction\":[{\"@type\":\"SearchAction\",\"target\":{\"@type\":\"EntryPoint\",\"urlTemplate\":\"https:\/\/rededentz.com.br\/blog\/?s={search_term_string}\"},\"query-input\":\"required name=search_term_string\"}],\"inLanguage\":\"pt-BR\"},{\"@type\":\"Person\",\"@id\":\"https:\/\/rededentz.com.br\/blog\/#\/schema\/person\/33b09e29c6b4089abf6e88b23bb14484\",\"name\":\"Dr. Dentz\",\"url\":\"https:\/\/rededentz.com.br\/blog\/author\/dentz\/\"}]}<\/script>\n<!-- \/ Yoast SEO plugin. -->","yoast_head_json":{"title":"Botox al\u00e9m da est\u00e9tica - Blog | Dentz","description":"Descubra como o Botox, pode ser um grande aliado para tratamento de problemas que n\u00e3o est\u00e3o ligados diretamente \u00e0 est\u00e9tica.","robots":{"index":"index","follow":"follow","max-snippet":"max-snippet:-1","max-image-preview":"max-image-preview:large","max-video-preview":"max-video-preview:-1"},"canonical":"https:\/\/rededentz.com.br\/blog\/botox-alem-da-estetica\/","og_locale":"pt_BR","og_type":"article","og_title":"Botox al\u00e9m da est\u00e9tica - Blog | Dentz","og_description":"Descubra como o Botox, pode ser um grande aliado para tratamento de problemas que n\u00e3o est\u00e3o ligados diretamente \u00e0 est\u00e9tica.","og_url":"https:\/\/rededentz.com.br\/blog\/botox-alem-da-estetica\/","og_site_name":"Blog | Dentz","article_published_time":"2022-01-25T12:54:01+00:00","article_modified_time":"2022-01-25T12:54:04+00:00","og_image":[{"width":752,"height":400,"url":"https:\/\/rededentz.com.br\/blog\/wp-content\/uploads\/2022\/01\/D-_Marketing_Online_Site_00_editaveis_Dentz_ThumbPostBlog.jpg","type":"image\/jpeg"}],"author":"Dr. Dentz","twitter_card":"summary_large_image","twitter_misc":{"Escrito por":"Dr. Dentz","Est. tempo de leitura":"5 minutos"},"schema":{"@context":"https:\/\/schema.org","@graph":[{"@type":"WebPage","@id":"https:\/\/rededentz.com.br\/blog\/botox-alem-da-estetica\/","url":"https:\/\/rededentz.com.br\/blog\/botox-alem-da-estetica\/","name":"Botox al\u00e9m da est\u00e9tica - Blog | Dentz","isPartOf":{"@id":"https:\/\/rededentz.com.br\/blog\/#website"},"primaryImageOfPage":{"@id":"https:\/\/rededentz.com.br\/blog\/botox-alem-da-estetica\/#primaryimage"},"image":{"@id":"https:\/\/rededentz.com.br\/blog\/botox-alem-da-estetica\/#primaryimage"},"thumbnailUrl":"https:\/\/rededentz.com.br\/blog\/wp-content\/uploads\/2022\/01\/D-_Marketing_Online_Site_00_editaveis_Dentz_ThumbPostBlog.jpg","datePublished":"2022-01-25T12:54:01+00:00","dateModified":"2022-01-25T12:54:04+00:00","author":{"@id":"https:\/\/rededentz.com.br\/blog\/#\/schema\/person\/33b09e29c6b4089abf6e88b23bb14484"},"description":"Descubra como o Botox, pode ser um grande aliado para tratamento de problemas que n\u00e3o est\u00e3o ligados diretamente \u00e0 est\u00e9tica.","breadcrumb":{"@id":"https:\/\/rededentz.com.br\/blog\/botox-alem-da-estetica\/#breadcrumb"},"inLanguage":"pt-BR","potentialAction":[{"@type":"ReadAction","target":["https:\/\/rededentz.com.br\/blog\/botox-alem-da-estetica\/"]}]},{"@type":"ImageObject","inLanguage":"pt-BR","@id":"https:\/\/rededentz.com.br\/blog\/botox-alem-da-estetica\/#primaryimage","url":"https:\/\/rededentz.com.br\/blog\/wp-content\/uploads\/2022\/01\/D-_Marketing_Online_Site_00_editaveis_Dentz_ThumbPostBlog.jpg","contentUrl":"https:\/\/rededentz.com.br\/blog\/wp-content\/uploads\/2022\/01\/D-_Marketing_Online_Site_00_editaveis_Dentz_ThumbPostBlog.jpg","width":752,"height":400,"caption":"Botox al\u00e9m da est\u00e9tica"},{"@type":"BreadcrumbList","@id":"https:\/\/rededentz.com.br\/blog\/botox-alem-da-estetica\/#breadcrumb","itemListElement":[{"@type":"ListItem","position":1,"name":"In\u00edcio","item":"https:\/\/rededentz.com.br\/blog\/"},{"@type":"ListItem","position":2,"name":"Botox al\u00e9m da est\u00e9tica"}]},{"@type":"WebSite","@id":"https:\/\/rededentz.com.br\/blog\/#website","url":"https:\/\/rededentz.com.br\/blog\/","name":"Blog | Dentz","description":"Os Melhores Dentistas ao seu Alcance","potentialAction":[{"@type":"SearchAction","target":{"@type":"EntryPoint","urlTemplate":"https:\/\/rededentz.com.br\/blog\/?s={search_term_string}"},"query-input":"required name=search_term_string"}],"inLanguage":"pt-BR"},{"@type":"Person","@id":"https:\/\/rededentz.com.br\/blog\/#\/schema\/person\/33b09e29c6b4089abf6e88b23bb14484","name":"Dr. Dentz","url":"https:\/\/rededentz.com.br\/blog\/author\/dentz\/"}]}},"_links":{"self":[{"href":"https:\/\/rededentz.com.br\/blog\/wp-json\/wp\/v2\/posts\/229"}],"collection":[{"href":"https:\/\/rededentz.com.br\/blog\/wp-json\/wp\/v2\/posts"}],"about":[{"href":"https:\/\/rededentz.com.br\/blog\/wp-json\/wp\/v2\/types\/post"}],"author":[{"embeddable":true,"href":"https:\/\/rededentz.com.br\/blog\/wp-json\/wp\/v2\/users\/2"}],"replies":[{"embeddable":true,"href":"https:\/\/rededentz.com.br\/blog\/wp-json\/wp\/v2\/comments?post=229"}],"version-history":[{"count":2,"href":"https:\/\/rededentz.com.br\/blog\/wp-json\/wp\/v2\/posts\/229\/revisions"}],"predecessor-version":[{"id":237,"href":"https:\/\/rededentz.com.br\/blog\/wp-json\/wp\/v2\/posts\/229\/revisions\/237"}],"wp:featuredmedia":[{"embeddable":true,"href":"https:\/\/rededentz.com.br\/blog\/wp-json\/wp\/v2\/media\/236"}],"wp:attachment":[{"href":"https:\/\/rededentz.com.br\/blog\/wp-json\/wp\/v2\/media?parent=229"}],"wp:term":[{"taxonomy":"category","embeddable":true,"href":"https:\/\/rededentz.com.br\/blog\/wp-json\/wp\/v2\/categories?post=229"},{"taxonomy":"post_tag","embeddable":true,"href":"https:\/\/rededentz.com.br\/blog\/wp-json\/wp\/v2\/tags?post=229"}],"curies":[{"name":"wp","href":"https:\/\/api.w.org\/{rel}","templated":true}]}}