{"id":280,"date":"2022-04-25T09:00:00","date_gmt":"2022-04-25T12:00:00","guid":{"rendered":"https:\/\/rededentz.com.br\/blog\/?p=280"},"modified":"2022-04-18T11:11:30","modified_gmt":"2022-04-18T14:11:30","slug":"cinco-motivos-para-evitar-a-boca-seca","status":"publish","type":"post","link":"https:\/\/rededentz.com.br\/blog\/cinco-motivos-para-evitar-a-boca-seca\/","title":{"rendered":"Cinco Motivos para Evitar a Boca Seca"},"content":{"rendered":"\n<p><em>Ficar com a boca seca pode ser mais prejudicial do que voc\u00ea imagina, e aqui voc\u00ea descobre quatro motivos para voc\u00ea evitar essa sensa\u00e7\u00e3o desagrad\u00e1vel.<\/em><\/p>\n\n\n\n<p style=\"color:#414042\" class=\"has-text-color\" align=\"justify\">Com certeza voc\u00ea j\u00e1 deve ter tido a sensa\u00e7\u00e3o de boca seca e, de imediato, associou ao fato do baixo consumo de \u00e1gua. Isso \u00e9 comum em dias mais quentes ou durante a pr\u00e1tica de exerc\u00edcios f\u00edsicos, mas o que hoje vamos falar aqui tem outro nome.<\/p>\n\n\n\n<p style=\"color:#414042\" class=\"has-text-color\" align=\"justify\">Xerostomia, ou boca seca, \u00e9 uma condi\u00e7\u00e3o que est\u00e1 diretamente associada \u00e0 baixa ou aus\u00eancia de produ\u00e7\u00e3o de saliva pelas gl\u00e2ndulas salivares e os motivos para isso acontecer s\u00e3o variados. <\/p>\n\n\n\n<p style=\"color:#414042\" class=\"has-text-color\" align=\"justify\">Ent\u00e3o continue lendo esse post e descubra 5 motivos para evitar a boca seca que podem ser prejudiciais para sua sa\u00fade.<\/p>\n\n\n\n<p style=\"color:#414042\" class=\"has-text-color\" align=\"justify\">Antes disso, voc\u00ea precisa saber as principais causas da xerostomia.<\/p>\n\n\n\n<h2 class=\"wp-block-heading\">Principais causas da boca seca<\/h2>\n\n\n\n<p style=\"color:#414042\" class=\"has-text-color\" align=\"justify\">A boca e os l\u00e1bios secos s\u00e3o os sintomas mais f\u00e1ceis de identificar em algu\u00e9m que sofre com a xerostomia. Mas ser\u00e1 que voc\u00ea sabe quais s\u00e3o os principais fatores que contribuem para esse quadro desagrad\u00e1vel?<\/p>\n\n\n\n<p style=\"color:#414042\" class=\"has-text-color\" align=\"justify\">Abaixo listamos os principais:<\/p>\n\n\n\n<p style=\"color:#414042\" class=\"has-text-color\" align=\"justify\">\n&nbsp;&nbsp; \u2022 Tabagismo.<br>\n&nbsp;&nbsp; \u2022 Defici\u00eancias nutricionais.<br>\n&nbsp;&nbsp; \u2022 Diabetes.<br>\n&nbsp;&nbsp; \u2022 Excesso de sal.<br>\n&nbsp;&nbsp; \u2022 Consumo de \u00e1lcool.<br>\n&nbsp;&nbsp; \u2022 Rem\u00e9dios (antidepressivos, por exemplo).<br>\n&nbsp;&nbsp; \u2022 Doen\u00e7as autoimunes.<br>\n&nbsp;&nbsp; \u2022 Problemas respirat\u00f3rios.<br>\n&nbsp;&nbsp; \u2022 Estresse e altera\u00e7\u00f5es hormonais.<br>\n&nbsp;&nbsp; \u2022 Desidrata\u00e7\u00e3o.\n<\/p>\n\n\n\n<p style=\"color:#414042\" class=\"has-text-color\" align=\"justify\">Conhecendo alguns deles voc\u00ea j\u00e1 pode notar que a falta de \u00e1gua n\u00e3o \u00e9 o \u00fanico favor que pode causar esse problema.<\/p>\n\n\n\n<p style=\"color:#414042\" class=\"has-text-color\" align=\"justify\">E agora \u00e9 hora de saber quais as fun\u00e7\u00f5es da saliva, o ponto chave deste t\u00f3pico.<\/p>\n\n\n\n<h2 class=\"wp-block-heading\">Qual a fun\u00e7\u00e3o da saliva?<\/h2>\n\n\n\n<p style=\"color:#414042\" class=\"has-text-color\" align=\"justify\">A saliva \u00e9 produzida pelas gl\u00e2ndulas salivares e se voc\u00ea parar para analisar vai descobrir que ela tem fun\u00e7\u00f5es bem importantes para o funcionamento do nosso corpo. Algumas delas s\u00e3o:<\/p>\n\n\n\n<p style=\"color:#414042\" class=\"has-text-color\" align=\"justify\">\n&nbsp;&nbsp; \u2022 Manter a lubrifica\u00e7\u00e3o de toda a cavidade bucal.<br>\n&nbsp;&nbsp; \u2022 Limpar o excesso de bact\u00e9rias e outros microorganismos presentes na boca, e consequentemente evitar c\u00e1ries.<br>\n&nbsp;&nbsp; \u2022 Auxiliar na hora de se alimentar, j\u00e1 que ela ajuda na umecta\u00e7\u00e3o dos alimentos e posteriormente na degluti\u00e7\u00e3o.<br>\n&nbsp;&nbsp; \u2022 Come\u00e7a a digest\u00e3o (de amido, por exemplo) ainda na boca.\n<\/p>\n\n\n\n<p style=\"color:#414042\" class=\"has-text-color\" align=\"justify\">Mas o que ser\u00e1 que acontece se a saliva passar a ser produzida em uma quantidade inferior ao considerado normal, ou pior, deixar de ser produzida?<\/p>\n\n\n\n<p style=\"color:#414042\" class=\"has-text-color\" align=\"justify\">A\u00ed \u00e9 que est\u00e1 o problema. Quer dizer, os problemas. Continue lendo para descobrir os sintomas desse d\u00e9ficit de saliva.<\/p>\n\n\n\n<h2 class=\"wp-block-heading\">Motivos para evitar a boca seca<\/h2>\n\n\n\n<p style=\"color:#414042\" class=\"has-text-color\" align=\"justify\">At\u00e9 esse ponto voc\u00ea j\u00e1 deve ter imaginado um ou mais motivos para voc\u00ea cuidar da sua boca, e agora voc\u00ea tira suas d\u00favidas.<br><br>A boca seca, a xerostomia, causa:<\/p>\n\n\n\n<h3 class=\"wp-block-heading\">1. Mau h\u00e1lito<\/h3>\n\n\n\n<p style=\"color:#414042\" class=\"has-text-color\" align=\"justify\">Novidade? Nenhuma. O terror de muitas pessoas pode ser causado pela boca seca. A halitose \u00e9 um problema que constrange o indiv\u00edduo e pode dificultar o conv\u00edvio com amigos e familiares &#8211; seja por vergonha, autoestima ou outro fator.<\/p>\n\n\n\n<h3 class=\"wp-block-heading\">2. C\u00e1ries e outras infec\u00e7\u00f5es<\/h3>\n\n\n\n<p style=\"color:#414042\" class=\"has-text-color\" align=\"justify\">A saliva, como mencionamos acima, atua como uma ferramenta protetora da sa\u00fade bucal. Sendo assim, a falta dela pode deixar a cavidade oral mais propensa a v\u00edrus e bact\u00e9rias. Consequentemente, problemas como a c\u00e1rie, placa bacteriana e gengivite podem acontecer mais facilmente.<\/p>\n\n\n\n<h3 class=\"wp-block-heading\">3. L\u00e1bios ressecados<\/h3>\n\n\n\n<p style=\"color:#414042\" class=\"has-text-color\" align=\"justify\">Como citamos no come\u00e7o desse post, os l\u00e1bios ressecados s\u00e3o indicativos vis\u00edveis de que a sua boca n\u00e3o est\u00e1 sendo lubrificada adequadamente.<br><br>Como consequ\u00eancia, os l\u00e1bios secos favorecem o aparecimento de rachaduras e\/ou descama\u00e7\u00f5es.\n<\/p>\n\n\n\n<h3 class=\"wp-block-heading\">4. Dificuldade para mastigar, engolir e at\u00e9 falar<\/h3>\n\n\n\n<p style=\"color:#414042\" class=\"has-text-color\" align=\"justify\">A baixa presen\u00e7a de saliva deixa a boca com um aspecto pegajoso e dificulta at\u00e9 mesmo sentir o sabor dos alimentos.<br><br>Mas n\u00e3o \u00e9 s\u00f3 isso. A aus\u00eancia de secre\u00e7\u00e3o tamb\u00e9m dificulta a mastiga\u00e7\u00e3o e a ingest\u00e3o de alimentos. Mais afundo, at\u00e9 a fala \u00e9 prejudicada.\n<\/p>\n\n\n\n<h3 class=\"wp-block-heading\">5. Problemas na l\u00edngua<\/h3>\n\n\n\n<p style=\"color:#414042\" class=\"has-text-color\" align=\"justify\">A l\u00edngua tamb\u00e9m sofre com a falta de saliva na boca. Isso significa que ela pode sofrer fissuras que ir\u00e3o causar dor ou ard\u00eancia nela.<br><br>Agora que voc\u00ea conhece alguns dos principais motivos para evitar a xerostomia, ou boca seca, est\u00e1 na hora de saber como trat\u00e1-la.\n<\/p>\n\n\n\n<h2 class=\"wp-block-heading\">Como tratar o sintoma de boca seca<\/h2>\n\n\n\n<p style=\"color:#414042\" class=\"has-text-color\" align=\"justify\">N\u00e3o tem como n\u00e3o associar a falta do consumo de \u00e1gua com a boca seca, n\u00e9? Embora esse seja o principal fator que pode levar uma pessoa a sofrer com os sintomas da xerostomia, ele n\u00e3o \u00e9 o \u00fanico.<\/p>\n\n\n\n<p style=\"color:#414042\" class=\"has-text-color\" align=\"justify\">Al\u00e9m de seguir o que \u00e9 recomendado pelos especialistas quanto ao consumo di\u00e1rio de \u00e1gua, que \u00e9 de aproximadamente de 2 a 3L, voc\u00ea tamb\u00e9m pode aderir alguns h\u00e1bitos para auxiliar na retomada da sua sa\u00fade bucal.<br><br>S\u00e3o eles:<\/p>\n\n\n\n<p style=\"color:#414042\" class=\"has-text-color\" align=\"justify\">\n&nbsp;&nbsp; \u2022 Escove seus dentes, passe fio dental e use o enxaguante bucal diariamente;<br>\n&nbsp;&nbsp; \u2022 Coma mais alimentos \u00e1cidos: eles estimulam a mastiga\u00e7\u00e3o e a produ\u00e7\u00e3o de saliva;<br>\n&nbsp;&nbsp; \u2022 Consulte o seu dentista sobre a possibilidade de aplica\u00e7\u00e3o de fl\u00faor;<br>\n&nbsp;&nbsp; \u2022 Chupe balas ou masque chicletes sem a\u00e7\u00facar para evitar a saliva\u00e7\u00e3o.\n<\/p>\n\n\n\n<p style=\"color:#414042\" class=\"has-text-color\" align=\"justify\">Para intensificar os resultados, leve em considera\u00e7\u00e3o inserir alguns alimentos e bebidas na sua dieta, como por exemplo:<\/p>\n\n\n\n<p style=\"color:#414042\" class=\"has-text-color\" align=\"justify\">\n&nbsp;&nbsp; \u2022 Ch\u00e1s de hortel\u00e3, camomila e erva doce: s\u00e3o ervas que estimulam a saliva\u00e7\u00e3o.<br>\n&nbsp;&nbsp; \u2022 Sorvete de frutas \u00e0 base de \u00e1gua: reduz os desconfortos causados pela boca seca.<br>\n&nbsp;&nbsp; \u2022 Ovos: fonte de vitamina B.<br>\n&nbsp;&nbsp; \u2022 Ma\u00e7\u00e3: rica em vitamina B, C e E, ela tamb\u00e9m contribui para a sua sa\u00fade bucal. Por ser mais r\u00edgida e exigir mais da mastiga\u00e7\u00e3o, ela \u00e9 \u00f3tima para cuidar dos dentes e gengivas.\n<\/p>\n\n\n\n<p style=\"color:#414042\" class=\"has-text-color\" align=\"justify\">Mas se ap\u00f3s todas essas dicas voc\u00ea continuar tendo problemas causados pela boca seca, est\u00e1 na hora de visitar o seu dentista. Se for expressamente recomendado por ele, voc\u00ea pode fazer o uso da saliva artificial &#8211; um produto feito em laborat\u00f3rio que tem como fun\u00e7\u00e3o reproduzir a saliva natural. Al\u00e9m de \u00e1gua, ela cont\u00e9m sais minerais e subst\u00e2ncias que hidratam os tecidos bucais.<\/p>\n\n\n\n<p style=\"color:#414042\" class=\"has-text-color\" align=\"justify\">Caso ainda n\u00e3o tenha um profissional especializado pronto para te atender, voc\u00ea est\u00e1 no lugar certo. A <a href=\"https:\/\/www.rededentz.com.br\/\" target=\"blank\" rel=\"noopener noreferrer\" style=\"color:#2b11db\">Dentz<\/a> \u00e9 a cl\u00ednica odontol\u00f3gica mais moderna do mercado e oferece uma verdadeira experi\u00eancia de cuidado com a sa\u00fade bucal.<\/p>\n\n\n\n<p style=\"color:#414042\" class=\"has-text-color\" align=\"justify\"><a href=\"https:\/\/www.rededentz.com.br\/agende-sua-avaliacao\/\" target=\"blank\" rel=\"noopener noreferrer\" style=\"color:#2b11db\">Agende agora a sua avalia\u00e7\u00e3o<\/a> e comece a cuidar hoje mesmo de voc\u00ea, do seu sorriso e da sua sa\u00fade.<\/p>\n","protected":false},"excerpt":{"rendered":"Ficar com a boca seca pode ser mais prejudicial do que voc\u00ea imagina, e aqui voc\u00ea descobre quatro motivos para voc\u00ea evitar essa \n<a class=\"moretag\" href=\"https:\/\/rededentz.com.br\/blog\/cinco-motivos-para-evitar-a-boca-seca\/\"> [...]<\/a>","protected":false},"author":2,"featured_media":282,"comment_status":"open","ping_status":"open","sticky":false,"template":"","format":"standard","meta":{"_monsterinsights_skip_tracking":false,"_monsterinsights_sitenote_active":false,"_monsterinsights_sitenote_note":"","_monsterinsights_sitenote_category":0,"footnotes":""},"categories":[5,1],"tags":[],"yoast_head":"<!-- This site is optimized with the Yoast SEO plugin v22.8 - https:\/\/yoast.com\/wordpress\/plugins\/seo\/ -->\n<title>Cinco Motivos para Evitar a Boca Seca - Blog | Dentz<\/title>\n<meta name=\"description\" content=\"Ficar com a boca seca pode ser mais prejudicial do que voc\u00ea imagina, e aqui voc\u00ea descobre quatro motivos para voc\u00ea evitar essa sensa\u00e7\u00e3o.\" \/>\n<meta name=\"robots\" content=\"index, follow, max-snippet:-1, max-image-preview:large, max-video-preview:-1\" \/>\n<link rel=\"canonical\" href=\"https:\/\/rededentz.com.br\/blog\/cinco-motivos-para-evitar-a-boca-seca\/\" \/>\n<meta property=\"og:locale\" content=\"pt_BR\" \/>\n<meta property=\"og:type\" content=\"article\" \/>\n<meta property=\"og:title\" content=\"Cinco Motivos para Evitar a Boca Seca - Blog | Dentz\" \/>\n<meta property=\"og:description\" content=\"Ficar com a boca seca pode ser mais prejudicial do que voc\u00ea imagina, e aqui voc\u00ea descobre quatro motivos para voc\u00ea evitar essa sensa\u00e7\u00e3o.\" \/>\n<meta property=\"og:url\" content=\"https:\/\/rededentz.com.br\/blog\/cinco-motivos-para-evitar-a-boca-seca\/\" \/>\n<meta property=\"og:site_name\" content=\"Blog | Dentz\" \/>\n<meta property=\"article:published_time\" content=\"2022-04-25T12:00:00+00:00\" \/>\n<meta property=\"article:modified_time\" content=\"2022-04-18T14:11:30+00:00\" \/>\n<meta property=\"og:image\" content=\"https:\/\/rededentz.com.br\/blog\/wp-content\/uploads\/2022\/04\/ThumbPostBlog-2.jpg\" \/>\n\t<meta property=\"og:image:width\" content=\"752\" \/>\n\t<meta property=\"og:image:height\" content=\"400\" \/>\n\t<meta property=\"og:image:type\" content=\"image\/jpeg\" \/>\n<meta name=\"author\" content=\"Dr. Dentz\" \/>\n<meta name=\"twitter:card\" content=\"summary_large_image\" \/>\n<meta name=\"twitter:label1\" content=\"Escrito por\" \/>\n\t<meta name=\"twitter:data1\" content=\"Dr. Dentz\" \/>\n\t<meta name=\"twitter:label2\" content=\"Est. tempo de leitura\" \/>\n\t<meta name=\"twitter:data2\" content=\"6 minutos\" \/>\n<script type=\"application\/ld+json\" class=\"yoast-schema-graph\">{\"@context\":\"https:\/\/schema.org\",\"@graph\":[{\"@type\":\"WebPage\",\"@id\":\"https:\/\/rededentz.com.br\/blog\/cinco-motivos-para-evitar-a-boca-seca\/\",\"url\":\"https:\/\/rededentz.com.br\/blog\/cinco-motivos-para-evitar-a-boca-seca\/\",\"name\":\"Cinco Motivos para Evitar a Boca Seca - Blog | Dentz\",\"isPartOf\":{\"@id\":\"https:\/\/rededentz.com.br\/blog\/#website\"},\"primaryImageOfPage\":{\"@id\":\"https:\/\/rededentz.com.br\/blog\/cinco-motivos-para-evitar-a-boca-seca\/#primaryimage\"},\"image\":{\"@id\":\"https:\/\/rededentz.com.br\/blog\/cinco-motivos-para-evitar-a-boca-seca\/#primaryimage\"},\"thumbnailUrl\":\"https:\/\/rededentz.com.br\/blog\/wp-content\/uploads\/2022\/04\/ThumbPostBlog-2.jpg\",\"datePublished\":\"2022-04-25T12:00:00+00:00\",\"dateModified\":\"2022-04-18T14:11:30+00:00\",\"author\":{\"@id\":\"https:\/\/rededentz.com.br\/blog\/#\/schema\/person\/33b09e29c6b4089abf6e88b23bb14484\"},\"description\":\"Ficar com a boca seca pode ser mais prejudicial do que voc\u00ea imagina, e aqui voc\u00ea descobre quatro motivos para voc\u00ea evitar essa sensa\u00e7\u00e3o.\",\"breadcrumb\":{\"@id\":\"https:\/\/rededentz.com.br\/blog\/cinco-motivos-para-evitar-a-boca-seca\/#breadcrumb\"},\"inLanguage\":\"pt-BR\",\"potentialAction\":[{\"@type\":\"ReadAction\",\"target\":[\"https:\/\/rededentz.com.br\/blog\/cinco-motivos-para-evitar-a-boca-seca\/\"]}]},{\"@type\":\"ImageObject\",\"inLanguage\":\"pt-BR\",\"@id\":\"https:\/\/rededentz.com.br\/blog\/cinco-motivos-para-evitar-a-boca-seca\/#primaryimage\",\"url\":\"https:\/\/rededentz.com.br\/blog\/wp-content\/uploads\/2022\/04\/ThumbPostBlog-2.jpg\",\"contentUrl\":\"https:\/\/rededentz.com.br\/blog\/wp-content\/uploads\/2022\/04\/ThumbPostBlog-2.jpg\",\"width\":752,\"height\":400,\"caption\":\"Cinco Motivos para Evitar a Boca Seca\"},{\"@type\":\"BreadcrumbList\",\"@id\":\"https:\/\/rededentz.com.br\/blog\/cinco-motivos-para-evitar-a-boca-seca\/#breadcrumb\",\"itemListElement\":[{\"@type\":\"ListItem\",\"position\":1,\"name\":\"In\u00edcio\",\"item\":\"https:\/\/rededentz.com.br\/blog\/\"},{\"@type\":\"ListItem\",\"position\":2,\"name\":\"Cinco Motivos para Evitar a Boca Seca\"}]},{\"@type\":\"WebSite\",\"@id\":\"https:\/\/rededentz.com.br\/blog\/#website\",\"url\":\"https:\/\/rededentz.com.br\/blog\/\",\"name\":\"Blog | Dentz\",\"description\":\"Os Melhores Dentistas ao seu Alcance\",\"potentialAction\":[{\"@type\":\"SearchAction\",\"target\":{\"@type\":\"EntryPoint\",\"urlTemplate\":\"https:\/\/rededentz.com.br\/blog\/?s={search_term_string}\"},\"query-input\":\"required name=search_term_string\"}],\"inLanguage\":\"pt-BR\"},{\"@type\":\"Person\",\"@id\":\"https:\/\/rededentz.com.br\/blog\/#\/schema\/person\/33b09e29c6b4089abf6e88b23bb14484\",\"name\":\"Dr. Dentz\",\"url\":\"https:\/\/rededentz.com.br\/blog\/author\/dentz\/\"}]}<\/script>\n<!-- \/ Yoast SEO plugin. -->","yoast_head_json":{"title":"Cinco Motivos para Evitar a Boca Seca - Blog | Dentz","description":"Ficar com a boca seca pode ser mais prejudicial do que voc\u00ea imagina, e aqui voc\u00ea descobre quatro motivos para voc\u00ea evitar essa sensa\u00e7\u00e3o.","robots":{"index":"index","follow":"follow","max-snippet":"max-snippet:-1","max-image-preview":"max-image-preview:large","max-video-preview":"max-video-preview:-1"},"canonical":"https:\/\/rededentz.com.br\/blog\/cinco-motivos-para-evitar-a-boca-seca\/","og_locale":"pt_BR","og_type":"article","og_title":"Cinco Motivos para Evitar a Boca Seca - Blog | Dentz","og_description":"Ficar com a boca seca pode ser mais prejudicial do que voc\u00ea imagina, e aqui voc\u00ea descobre quatro motivos para voc\u00ea evitar essa sensa\u00e7\u00e3o.","og_url":"https:\/\/rededentz.com.br\/blog\/cinco-motivos-para-evitar-a-boca-seca\/","og_site_name":"Blog | Dentz","article_published_time":"2022-04-25T12:00:00+00:00","article_modified_time":"2022-04-18T14:11:30+00:00","og_image":[{"width":752,"height":400,"url":"https:\/\/rededentz.com.br\/blog\/wp-content\/uploads\/2022\/04\/ThumbPostBlog-2.jpg","type":"image\/jpeg"}],"author":"Dr. Dentz","twitter_card":"summary_large_image","twitter_misc":{"Escrito por":"Dr. Dentz","Est. tempo de leitura":"6 minutos"},"schema":{"@context":"https:\/\/schema.org","@graph":[{"@type":"WebPage","@id":"https:\/\/rededentz.com.br\/blog\/cinco-motivos-para-evitar-a-boca-seca\/","url":"https:\/\/rededentz.com.br\/blog\/cinco-motivos-para-evitar-a-boca-seca\/","name":"Cinco Motivos para Evitar a Boca Seca - Blog | Dentz","isPartOf":{"@id":"https:\/\/rededentz.com.br\/blog\/#website"},"primaryImageOfPage":{"@id":"https:\/\/rededentz.com.br\/blog\/cinco-motivos-para-evitar-a-boca-seca\/#primaryimage"},"image":{"@id":"https:\/\/rededentz.com.br\/blog\/cinco-motivos-para-evitar-a-boca-seca\/#primaryimage"},"thumbnailUrl":"https:\/\/rededentz.com.br\/blog\/wp-content\/uploads\/2022\/04\/ThumbPostBlog-2.jpg","datePublished":"2022-04-25T12:00:00+00:00","dateModified":"2022-04-18T14:11:30+00:00","author":{"@id":"https:\/\/rededentz.com.br\/blog\/#\/schema\/person\/33b09e29c6b4089abf6e88b23bb14484"},"description":"Ficar com a boca seca pode ser mais prejudicial do que voc\u00ea imagina, e aqui voc\u00ea descobre quatro motivos para voc\u00ea evitar essa sensa\u00e7\u00e3o.","breadcrumb":{"@id":"https:\/\/rededentz.com.br\/blog\/cinco-motivos-para-evitar-a-boca-seca\/#breadcrumb"},"inLanguage":"pt-BR","potentialAction":[{"@type":"ReadAction","target":["https:\/\/rededentz.com.br\/blog\/cinco-motivos-para-evitar-a-boca-seca\/"]}]},{"@type":"ImageObject","inLanguage":"pt-BR","@id":"https:\/\/rededentz.com.br\/blog\/cinco-motivos-para-evitar-a-boca-seca\/#primaryimage","url":"https:\/\/rededentz.com.br\/blog\/wp-content\/uploads\/2022\/04\/ThumbPostBlog-2.jpg","contentUrl":"https:\/\/rededentz.com.br\/blog\/wp-content\/uploads\/2022\/04\/ThumbPostBlog-2.jpg","width":752,"height":400,"caption":"Cinco Motivos para Evitar a Boca Seca"},{"@type":"BreadcrumbList","@id":"https:\/\/rededentz.com.br\/blog\/cinco-motivos-para-evitar-a-boca-seca\/#breadcrumb","itemListElement":[{"@type":"ListItem","position":1,"name":"In\u00edcio","item":"https:\/\/rededentz.com.br\/blog\/"},{"@type":"ListItem","position":2,"name":"Cinco Motivos para Evitar a Boca Seca"}]},{"@type":"WebSite","@id":"https:\/\/rededentz.com.br\/blog\/#website","url":"https:\/\/rededentz.com.br\/blog\/","name":"Blog | Dentz","description":"Os Melhores Dentistas ao seu Alcance","potentialAction":[{"@type":"SearchAction","target":{"@type":"EntryPoint","urlTemplate":"https:\/\/rededentz.com.br\/blog\/?s={search_term_string}"},"query-input":"required name=search_term_string"}],"inLanguage":"pt-BR"},{"@type":"Person","@id":"https:\/\/rededentz.com.br\/blog\/#\/schema\/person\/33b09e29c6b4089abf6e88b23bb14484","name":"Dr. Dentz","url":"https:\/\/rededentz.com.br\/blog\/author\/dentz\/"}]}},"_links":{"self":[{"href":"https:\/\/rededentz.com.br\/blog\/wp-json\/wp\/v2\/posts\/280"}],"collection":[{"href":"https:\/\/rededentz.com.br\/blog\/wp-json\/wp\/v2\/posts"}],"about":[{"href":"https:\/\/rededentz.com.br\/blog\/wp-json\/wp\/v2\/types\/post"}],"author":[{"embeddable":true,"href":"https:\/\/rededentz.com.br\/blog\/wp-json\/wp\/v2\/users\/2"}],"replies":[{"embeddable":true,"href":"https:\/\/rededentz.com.br\/blog\/wp-json\/wp\/v2\/comments?post=280"}],"version-history":[{"count":2,"href":"https:\/\/rededentz.com.br\/blog\/wp-json\/wp\/v2\/posts\/280\/revisions"}],"predecessor-version":[{"id":283,"href":"https:\/\/rededentz.com.br\/blog\/wp-json\/wp\/v2\/posts\/280\/revisions\/283"}],"wp:featuredmedia":[{"embeddable":true,"href":"https:\/\/rededentz.com.br\/blog\/wp-json\/wp\/v2\/media\/282"}],"wp:attachment":[{"href":"https:\/\/rededentz.com.br\/blog\/wp-json\/wp\/v2\/media?parent=280"}],"wp:term":[{"taxonomy":"category","embeddable":true,"href":"https:\/\/rededentz.com.br\/blog\/wp-json\/wp\/v2\/categories?post=280"},{"taxonomy":"post_tag","embeddable":true,"href":"https:\/\/rededentz.com.br\/blog\/wp-json\/wp\/v2\/tags?post=280"}],"curies":[{"name":"wp","href":"https:\/\/api.w.org\/{rel}","templated":true}]}}