{"id":284,"date":"2022-05-02T09:00:00","date_gmt":"2022-05-02T12:00:00","guid":{"rendered":"https:\/\/rededentz.com.br\/blog\/?p=284"},"modified":"2022-04-18T12:07:23","modified_gmt":"2022-04-18T15:07:23","slug":"seis-dicas-para-aumentar-a-sua-autoestima","status":"publish","type":"post","link":"https:\/\/rededentz.com.br\/blog\/seis-dicas-para-aumentar-a-sua-autoestima\/","title":{"rendered":"Seis Dicas para Aumentar a sua Autoestima"},"content":{"rendered":"\n<p><em>Quer aumentar a sua autoestima e cuidar mais de voc\u00ea mesmo? Ent\u00e3o leia esse post e veja 6 dicas para deixar o seu sorriso e a sa\u00fade bucal ainda melhores.<\/em><\/p>\n\n\n\n<p style=\"color:#414042\" class=\"has-text-color\" align=\"justify\">O Brasil, segundo a Euromonitor International &#8211; provedora de pesquisa de mercado &#8211; \u00e9 o quarto pa\u00eds do mundo que mais investe em beleza e cuidados pessoais, que est\u00e3o diretamente relacionados ao aumento da autoestima das pessoas. E \u00e9 por isso que foi criado o <a href=\"https:\/\/rededentz.com.br\/blog\/por-que-investir-em-odontologia-no-brasil\/\" target=\"blank\" rel=\"noopener noreferrer\" style=\"color:#2b11db\">cen\u00e1rio perfeito para que empreendedores invistam na odontologia<\/a>.<\/p>\n\n\n\n<p style=\"color:#414042\" class=\"has-text-color\" align=\"justify\">Isso refor\u00e7a que o brasileiro, independente do sexo, est\u00e1 disposto a investir parte da sua renda para se sentir melhor consigo mesmo e livrar-se de inseguran\u00e7as relacionadas \u00e0 caracter\u00edsticas f\u00edsicas.<\/p>\n\n\n\n<p style=\"color:#414042\" class=\"has-text-color\" align=\"justify\">E se voc\u00ea faz parte dessa parcela que quer dar um up na autoestima para se relacionar melhor ou ter mais confian\u00e7a no seu dia a dia &#8211; seja para um encontro ou para o ambiente de trabalho &#8211; hoje voc\u00ea ter\u00e1 acesso a 6 dicas pr\u00e1ticas de como aument\u00e1-la.<\/p>\n\n\n\n<p style=\"color:#414042\" class=\"has-text-color\" align=\"justify\">Me acompanha?<\/p>\n\n\n\n<h2 class=\"wp-block-heading\">Dicas para aumentar a sua autoestima<\/h2>\n\n\n\n<p style=\"color:#414042\" class=\"has-text-color\" align=\"justify\">Neste momento n\u00e3o importa como est\u00e3o os seus dentes. Se est\u00e3o tortos, desalinhados, amarelados ou n\u00e3o t\u00e3o limpos quanto deveriam.<\/p>\n\n\n\n<p style=\"color:#414042\" class=\"has-text-color\" align=\"justify\">\u00c9 fato que qualquer um dos casos citados acima podem causar constrangimento ou vergonha, mas isso \u00e9 s\u00f3 um motivo a mais para olhar com mais cuidado e carinho para a sua sa\u00fade bucal. Afinal, um sorriso bonito e bem cuidado \u00e9 essencial para elevar a sua autoestima.<\/p>\n\n\n\n<p style=\"color:#414042\" class=\"has-text-color\" align=\"justify\">Confira as principais dicas:<\/p>\n\n\n\n<h3 class=\"wp-block-heading\">1. Visite o seu dentista a cada 6 meses<\/h3>\n\n\n\n<p style=\"color:#414042\" class=\"has-text-color\" align=\"justify\">Se voc\u00ea ainda n\u00e3o tem o costume de ir ao dentista regularmente, <a href=\"https:\/\/www.rededentz.com.br\/agende-sua-avaliacao\/\" target=\"blank\" rel=\"noopener noreferrer\" style=\"color:#2b11db\">est\u00e1 na hora de adquirir este h\u00e1bito essencial<\/a> para cuidar da sua sa\u00fade bucal.<\/p>\n\n\n\n<p style=\"color:#414042\" class=\"has-text-color\" align=\"justify\">\u00c9 durante as consultas que voc\u00ea ir\u00e1 receber o diagn\u00f3stico completo de como est\u00e1 a sa\u00fade geral da sua boca. Alinhamento dos dentes, tipo de mordida, desgaste, limpeza (ac\u00famulo de placa bacteriana e t\u00e1rtaro), se tem ou n\u00e3o alguma c\u00e1rie, status da gengiva, entre outros pontos importantes.<\/p>\n\n\n\n<p style=\"color:#414042\" class=\"has-text-color\" align=\"justify\">Caso haja algum tratamento a ser feito, as consultas se tornam mais frequentes e o profissional ir\u00e1 acompanhar a evolu\u00e7\u00e3o do seu caso.<\/p>\n\n\n\n<p style=\"color:#414042\" class=\"has-text-color\" align=\"justify\">Por isso, se voc\u00ea tem a inten\u00e7\u00e3o de cuidar mais do seu sorriso, e consequentemente aumentar a sua autoconfian\u00e7a, <a href=\"https:\/\/www.rededentz.com.br\/agende-sua-avaliacao\/\" target=\"blank\" rel=\"noopener noreferrer\" style=\"color:#2b11db\">visitar um dentista<\/a> \u00e9 o primeiro passo antes de seguir todas as outras dicas.<\/p>\n\n\n\n<h3 class=\"wp-block-heading\">2. Higiene bucal di\u00e1ria<\/h3>\n\n\n\n<p style=\"color:#414042\" class=\"has-text-color\" align=\"justify\">Um dos principais fatores para voc\u00ea poder sair por a\u00ed sorrindo \u00e0 vontade e sem receio de passar vergonha \u00e9 ter o h\u00e1bito da higiene bucal bem afiado. Mas o que isso significa?<\/p>\n\n\n\n<p style=\"color:#414042\" class=\"has-text-color\" align=\"justify\">A escova\u00e7\u00e3o \u00e9 essencial ap\u00f3s cada refei\u00e7\u00e3o, bem como passar o fio dental pelo menos uma vez por dia. O uso do enxaguante bucal &#8211; mesmo que n\u00e3o seja di\u00e1rio &#8211; tamb\u00e9m potencializa a higiene. Al\u00e9m de garantir que voc\u00ea fique longe do pesadelo do mau h\u00e1lito, esse combo de 3 atividades previnem o desenvolvimento de placa bacteriana, t\u00e1rtaro, problemas nas gengivas, c\u00e1ries &#8211; e evita ter que realizar <a href=\"https:\/\/rededentz.com.br\/blog\/restauracao-dentaria-tire-todas-as-suas-duvidas\/\" target=\"blank\" rel=\"noopener noreferrer\" style=\"color:#2b11db\">restaura\u00e7\u00f5es<\/a>.<\/p>\n\n\n\n<p style=\"color:#414042\" class=\"has-text-color\" align=\"justify\">Dica Extra: escolha uma escova de dente que n\u00e3o machuque a sua gengiva e na hora de escovar fa\u00e7a movimentos circulares ou verticais no sentido da gengiva para fora.<\/p>\n\n\n\n<h3 class=\"wp-block-heading\">3. Avalie usar um aparelho ortod\u00f4ntico<\/h3>\n\n\n\n<p style=\"color:#414042\" class=\"has-text-color\" align=\"justify\">Ter dentes tortos soa desconfort\u00e1vel para voc\u00ea? Pois saiba que aproximadamente 35% dos brasileiros precisam de algum tipo de tratamento ortod\u00f4ntico &#8211; seja para corre\u00e7\u00e3o ou apenas est\u00e9tica.<\/p>\n\n\n\n<p style=\"color:#414042\" class=\"has-text-color\" align=\"justify\">O tema desse post de fato est\u00e1 mais relacionado ao lado est\u00e9tico, visto que o objetivo \u00e9 te ajudar a elevar a sua autoestima. Mas dentes desalinhados, al\u00e9m de reduzirem a sua autoconfian\u00e7a e afetarem a forma como voc\u00ea se v\u00ea e se porta tamb\u00e9m impactam diretamente na sua sa\u00fade bucal.<\/p>\n\n\n\n<p style=\"color:#414042\" class=\"has-text-color\" align=\"justify\">Por isso, se voc\u00ea j\u00e1 se preocupa com o lado est\u00e9tico, saiba que aderir ao aparelho ortod\u00f4ntico voc\u00ea tamb\u00e9m estar\u00e1 garantindo outros benef\u00edcios, como corrigir dificuldades mastigat\u00f3rias e de fala, prevenir doen\u00e7as gastrointestinais e dificuldade de higieniza\u00e7\u00e3o.<\/p>\n\n\n\n<p style=\"color:#414042\" class=\"has-text-color\" align=\"justify\">Hoje existem alguns tipos de aparelhos ortod\u00f4nticos e com certeza um deles ir\u00e1 encaixar na sua rotina e no seu bolso. S\u00e3o eles:<\/p>\n\n\n\n<p style=\"color:#414042\" class=\"has-text-color\" align=\"justify\">\n&nbsp;&nbsp; \u2022 Aparelho M\u00f3vel.<br>\n&nbsp;&nbsp; \u2022 Convencional Fixo ou Est\u00e9tico.<br>\n&nbsp;&nbsp; \u2022 Fixo Autoligado Normal ou Est\u00e9tico.<br>\n&nbsp;&nbsp; \u2022 Alinhador transparente: <a href=\"https:\/\/www.rededentz.com.br\/dentzaligner\/\" target=\"blank\" rel=\"noopener noreferrer\" style=\"color:#2b11db\">DentzAligner<\/a>.\n<\/p>\n\n\n\n<p style=\"color:#414042\" class=\"has-text-color\" align=\"justify\">Para saber mais sobre cada um deles, basta <a href=\"https:\/\/rededentz.com.br\/blog\/como-escolher-a-melhor-opcao-de-aparelho-ortodontico\/\" target=\"blank\" rel=\"noopener noreferrer\" style=\"color:#2b11db\">clicar aqui<\/a>.<\/p>\n\n\n\n<p style=\"color:#414042\" class=\"has-text-color\" align=\"justify\">E caso voc\u00ea esteja procurando uma vers\u00e3o de aparelho ainda mais voltado para a est\u00e9tica e que alia o que h\u00e1 de mais moderno no mercado com tratamento acelerado (at\u00e9 3x mais r\u00e1pido do que o aparelho convencional), voc\u00ea precisa conhecer o <a href=\"https:\/\/www.rededentz.com.br\/dentzaligner\/\" target=\"blank\" rel=\"noopener noreferrer\" style=\"color:#2b11db\">DentzAligner<\/a>, o alinhador transparente da Dentz e as <a href=\"https:\/\/rededentz.com.br\/blog\/descubra-10-vantagens-do-dentzaligner\/\" target=\"blank\" rel=\"noopener noreferrer\" style=\"color:#2b11db\">10 grandes vantagens que ele oferece<\/a>.<\/p>\n\n\n\n<h3 class=\"wp-block-heading\">4. Fa\u00e7a clareamento dent\u00e1rio<\/h3>\n\n\n\n<p style=\"color:#414042\" class=\"has-text-color\" align=\"justify\">J\u00e1 pensou em como a sua autoestima ficaria se voc\u00ea deixasse de lado o sorriso amarelado para ter dentes ainda mais brancos e mais bonitos? O clareamento dent\u00e1rio pode ser feito tanto em casa quanto em consult\u00f3rio, dependendo da modalidade que voc\u00ea optar.<\/p>\n\n\n\n<p style=\"color:#414042\" class=\"has-text-color\" align=\"justify\">Essa t\u00e9cnica remove manchas e altera a tonalidade dos seus dentes, que podem ter perdido o branco por conta da alimenta\u00e7\u00e3o rica em corantes (caf\u00e9, vinho, molho de tomate), uso de determinados rem\u00e9dios, falta de higiene bucal, h\u00e1bito de fumar, entre outros.<\/p>\n\n\n\n<h3 class=\"wp-block-heading\">5. Recupere um ou mais dentes perdidos<\/h3>\n\n\n\n<p style=\"color:#414042\" class=\"has-text-color\" align=\"justify\">Por algum motivo voc\u00ea j\u00e1 perdeu algum dente? Seja por um problema bucal ou acidente, saiba que voc\u00ea pode recuperar o sorriso completo atrav\u00e9s de implantes ou pr\u00f3teses.<\/p>\n\n\n\n<p style=\"color:#414042\" class=\"has-text-color\" align=\"justify\">Os profissionais implantodontistas e protesistas s\u00e3o especializados em devolver aos seus pacientes a autoestima para que possam sorrir, se relacionar, comer o que quiser e, acima de tudo, recuperar a qualidade de vida que uma boca completa e saud\u00e1vel pode proporcionar.<\/p>\n\n\n\n<p style=\"color:#414042\" class=\"has-text-color\" align=\"justify\">Caso queira saber mais sobre como um implante dent\u00e1rio pode melhorar a sua vida, <a href=\"https:\/\/rededentz.com.br\/blog\/como-o-implante-dentario-pode-melhorar-a-sua-vida\/\" target=\"blank\" rel=\"noopener noreferrer\" style=\"color:#2b11db\">clique aqui<\/a>.<\/p>\n\n\n\n<h3 class=\"wp-block-heading\">6. Foco em est\u00e9tica: lente de contato e faceta dent\u00e1ria<\/h3>\n\n\n\n<p style=\"color:#414042\" class=\"has-text-color\" align=\"justify\">Existe uma maneira mais r\u00e1pida e pr\u00e1tica de corrigir pequenas falhas dos dentes: as lentes de contato dental ou facetas.<\/p>\n\n\n\n<p style=\"color:#414042\" class=\"has-text-color\" align=\"justify\">Ambas s\u00e3o indicadas para pequenas falhas como:<\/p>\n\n\n\n<p style=\"color:#414042\" class=\"has-text-color\" align=\"justify\">\n&nbsp;&nbsp; \u2022 Corre\u00e7\u00e3o de diastema<br>\n&nbsp;&nbsp; \u2022 Dentes pequenos e\/ou desarm\u00f4nico em adultos<br>\n&nbsp;&nbsp; \u2022 Recuperar a funcionalidade ou resist\u00eancia dos dentes<br>\n&nbsp;&nbsp; \u2022 Manchas\n<\/p>\n\n\n\n<p style=\"color:#414042\" class=\"has-text-color\" align=\"justify\">Consulte o seu dentista e verifique qual das duas \u00e9 mais indicada para voc\u00ea, considerando que as lentes de contato n\u00e3o exigem desgaste dos dentes (ou muito pouco) e que as facetas requerem esse processo.<\/p>\n\n\n\n<p style=\"color:#414042\" class=\"has-text-color\" align=\"justify\">Para saber mais a respeito das lentes de contato, sugiro que leia um pouco mais sobre esse assunto clicando <a href=\"https:\/\/rededentz.com.br\/blog\/afinal-o-que-e-a-lente-de-contato-dental\/\" target=\"blank\" rel=\"noopener noreferrer\" style=\"color:#2b11db\">neste link<\/a>. <\/p>\n\n\n\n<p style=\"color:#414042\" class=\"has-text-color\" align=\"justify\">No geral, essas s\u00e3o as 6 dicas para transformar o seu sorriso e a sua sa\u00fade bucal e, de b\u00f4nus, ganhar mais autoestima e confian\u00e7a para viver livre de receios.<\/p>\n\n\n\n<p style=\"color:#414042\" class=\"has-text-color\" align=\"justify\">E se voc\u00ea est\u00e1 em busca de uma cl\u00ednica odontol\u00f3gica que coloca a sua disposi\u00e7\u00e3o os melhores profissionais que atendem todas as especialidades da odontologia, <a href=\"https:\/\/www.rededentz.com.br\/agende-sua-avaliacao\/\" target=\"blank\" rel=\"noopener noreferrer\" style=\"color:#2b11db\">agende agora mesmo a sua avalia\u00e7\u00e3o na Dentz<\/a> e descubra como cuidar do seu sorriso de uma forma prazerosa e realmente eficiente.<\/p>\n","protected":false},"excerpt":{"rendered":"Quer aumentar a sua autoestima e cuidar mais de voc\u00ea mesmo? Ent\u00e3o leia esse post e veja 6 dicas para deixar o seu \n<a class=\"moretag\" href=\"https:\/\/rededentz.com.br\/blog\/seis-dicas-para-aumentar-a-sua-autoestima\/\"> [...]<\/a>","protected":false},"author":2,"featured_media":286,"comment_status":"open","ping_status":"open","sticky":false,"template":"","format":"standard","meta":{"_monsterinsights_skip_tracking":false,"_monsterinsights_sitenote_active":false,"_monsterinsights_sitenote_note":"","_monsterinsights_sitenote_category":0,"footnotes":""},"categories":[8],"tags":[],"yoast_head":"<!-- This site is optimized with the Yoast SEO plugin v22.8 - https:\/\/yoast.com\/wordpress\/plugins\/seo\/ -->\n<title>Seis Dicas para Aumentar a sua Autoestima - Blog | Dentz<\/title>\n<meta name=\"description\" content=\"Quer aumentar a sua autoestima e cuidar mais de voc\u00ea mesmo? Ent\u00e3o leia esse post e veja seis dicas para deixar o seu sorriso ainda melhor.\" \/>\n<meta name=\"robots\" content=\"index, follow, max-snippet:-1, max-image-preview:large, max-video-preview:-1\" \/>\n<link rel=\"canonical\" href=\"https:\/\/rededentz.com.br\/blog\/seis-dicas-para-aumentar-a-sua-autoestima\/\" \/>\n<meta property=\"og:locale\" content=\"pt_BR\" \/>\n<meta property=\"og:type\" content=\"article\" \/>\n<meta property=\"og:title\" content=\"Seis Dicas para Aumentar a sua Autoestima - Blog | Dentz\" \/>\n<meta property=\"og:description\" content=\"Quer aumentar a sua autoestima e cuidar mais de voc\u00ea mesmo? Ent\u00e3o leia esse post e veja seis dicas para deixar o seu sorriso ainda melhor.\" \/>\n<meta property=\"og:url\" content=\"https:\/\/rededentz.com.br\/blog\/seis-dicas-para-aumentar-a-sua-autoestima\/\" \/>\n<meta property=\"og:site_name\" content=\"Blog | Dentz\" \/>\n<meta property=\"article:published_time\" content=\"2022-05-02T12:00:00+00:00\" \/>\n<meta property=\"article:modified_time\" content=\"2022-04-18T15:07:23+00:00\" \/>\n<meta property=\"og:image\" content=\"https:\/\/rededentz.com.br\/blog\/wp-content\/uploads\/2022\/04\/ThumbPostBlog-3.jpg\" \/>\n\t<meta property=\"og:image:width\" content=\"752\" \/>\n\t<meta property=\"og:image:height\" content=\"400\" \/>\n\t<meta property=\"og:image:type\" content=\"image\/jpeg\" \/>\n<meta name=\"author\" content=\"Dr. Dentz\" \/>\n<meta name=\"twitter:card\" content=\"summary_large_image\" \/>\n<meta name=\"twitter:label1\" content=\"Escrito por\" \/>\n\t<meta name=\"twitter:data1\" content=\"Dr. Dentz\" \/>\n\t<meta name=\"twitter:label2\" content=\"Est. tempo de leitura\" \/>\n\t<meta name=\"twitter:data2\" content=\"7 minutos\" \/>\n<script type=\"application\/ld+json\" class=\"yoast-schema-graph\">{\"@context\":\"https:\/\/schema.org\",\"@graph\":[{\"@type\":\"WebPage\",\"@id\":\"https:\/\/rededentz.com.br\/blog\/seis-dicas-para-aumentar-a-sua-autoestima\/\",\"url\":\"https:\/\/rededentz.com.br\/blog\/seis-dicas-para-aumentar-a-sua-autoestima\/\",\"name\":\"Seis Dicas para Aumentar a sua Autoestima - Blog | Dentz\",\"isPartOf\":{\"@id\":\"https:\/\/rededentz.com.br\/blog\/#website\"},\"primaryImageOfPage\":{\"@id\":\"https:\/\/rededentz.com.br\/blog\/seis-dicas-para-aumentar-a-sua-autoestima\/#primaryimage\"},\"image\":{\"@id\":\"https:\/\/rededentz.com.br\/blog\/seis-dicas-para-aumentar-a-sua-autoestima\/#primaryimage\"},\"thumbnailUrl\":\"https:\/\/rededentz.com.br\/blog\/wp-content\/uploads\/2022\/04\/ThumbPostBlog-3.jpg\",\"datePublished\":\"2022-05-02T12:00:00+00:00\",\"dateModified\":\"2022-04-18T15:07:23+00:00\",\"author\":{\"@id\":\"https:\/\/rededentz.com.br\/blog\/#\/schema\/person\/33b09e29c6b4089abf6e88b23bb14484\"},\"description\":\"Quer aumentar a sua autoestima e cuidar mais de voc\u00ea mesmo? Ent\u00e3o leia esse post e veja seis dicas para deixar o seu sorriso ainda melhor.\",\"breadcrumb\":{\"@id\":\"https:\/\/rededentz.com.br\/blog\/seis-dicas-para-aumentar-a-sua-autoestima\/#breadcrumb\"},\"inLanguage\":\"pt-BR\",\"potentialAction\":[{\"@type\":\"ReadAction\",\"target\":[\"https:\/\/rededentz.com.br\/blog\/seis-dicas-para-aumentar-a-sua-autoestima\/\"]}]},{\"@type\":\"ImageObject\",\"inLanguage\":\"pt-BR\",\"@id\":\"https:\/\/rededentz.com.br\/blog\/seis-dicas-para-aumentar-a-sua-autoestima\/#primaryimage\",\"url\":\"https:\/\/rededentz.com.br\/blog\/wp-content\/uploads\/2022\/04\/ThumbPostBlog-3.jpg\",\"contentUrl\":\"https:\/\/rededentz.com.br\/blog\/wp-content\/uploads\/2022\/04\/ThumbPostBlog-3.jpg\",\"width\":752,\"height\":400,\"caption\":\"Seis Dicas para Aumentar a sua Autoestima\"},{\"@type\":\"BreadcrumbList\",\"@id\":\"https:\/\/rededentz.com.br\/blog\/seis-dicas-para-aumentar-a-sua-autoestima\/#breadcrumb\",\"itemListElement\":[{\"@type\":\"ListItem\",\"position\":1,\"name\":\"In\u00edcio\",\"item\":\"https:\/\/rededentz.com.br\/blog\/\"},{\"@type\":\"ListItem\",\"position\":2,\"name\":\"Seis Dicas para Aumentar a sua Autoestima\"}]},{\"@type\":\"WebSite\",\"@id\":\"https:\/\/rededentz.com.br\/blog\/#website\",\"url\":\"https:\/\/rededentz.com.br\/blog\/\",\"name\":\"Blog | Dentz\",\"description\":\"Os Melhores Dentistas ao seu Alcance\",\"potentialAction\":[{\"@type\":\"SearchAction\",\"target\":{\"@type\":\"EntryPoint\",\"urlTemplate\":\"https:\/\/rededentz.com.br\/blog\/?s={search_term_string}\"},\"query-input\":\"required name=search_term_string\"}],\"inLanguage\":\"pt-BR\"},{\"@type\":\"Person\",\"@id\":\"https:\/\/rededentz.com.br\/blog\/#\/schema\/person\/33b09e29c6b4089abf6e88b23bb14484\",\"name\":\"Dr. Dentz\",\"url\":\"https:\/\/rededentz.com.br\/blog\/author\/dentz\/\"}]}<\/script>\n<!-- \/ Yoast SEO plugin. -->","yoast_head_json":{"title":"Seis Dicas para Aumentar a sua Autoestima - Blog | Dentz","description":"Quer aumentar a sua autoestima e cuidar mais de voc\u00ea mesmo? Ent\u00e3o leia esse post e veja seis dicas para deixar o seu sorriso ainda melhor.","robots":{"index":"index","follow":"follow","max-snippet":"max-snippet:-1","max-image-preview":"max-image-preview:large","max-video-preview":"max-video-preview:-1"},"canonical":"https:\/\/rededentz.com.br\/blog\/seis-dicas-para-aumentar-a-sua-autoestima\/","og_locale":"pt_BR","og_type":"article","og_title":"Seis Dicas para Aumentar a sua Autoestima - Blog | Dentz","og_description":"Quer aumentar a sua autoestima e cuidar mais de voc\u00ea mesmo? Ent\u00e3o leia esse post e veja seis dicas para deixar o seu sorriso ainda melhor.","og_url":"https:\/\/rededentz.com.br\/blog\/seis-dicas-para-aumentar-a-sua-autoestima\/","og_site_name":"Blog | Dentz","article_published_time":"2022-05-02T12:00:00+00:00","article_modified_time":"2022-04-18T15:07:23+00:00","og_image":[{"width":752,"height":400,"url":"https:\/\/rededentz.com.br\/blog\/wp-content\/uploads\/2022\/04\/ThumbPostBlog-3.jpg","type":"image\/jpeg"}],"author":"Dr. Dentz","twitter_card":"summary_large_image","twitter_misc":{"Escrito por":"Dr. Dentz","Est. tempo de leitura":"7 minutos"},"schema":{"@context":"https:\/\/schema.org","@graph":[{"@type":"WebPage","@id":"https:\/\/rededentz.com.br\/blog\/seis-dicas-para-aumentar-a-sua-autoestima\/","url":"https:\/\/rededentz.com.br\/blog\/seis-dicas-para-aumentar-a-sua-autoestima\/","name":"Seis Dicas para Aumentar a sua Autoestima - Blog | Dentz","isPartOf":{"@id":"https:\/\/rededentz.com.br\/blog\/#website"},"primaryImageOfPage":{"@id":"https:\/\/rededentz.com.br\/blog\/seis-dicas-para-aumentar-a-sua-autoestima\/#primaryimage"},"image":{"@id":"https:\/\/rededentz.com.br\/blog\/seis-dicas-para-aumentar-a-sua-autoestima\/#primaryimage"},"thumbnailUrl":"https:\/\/rededentz.com.br\/blog\/wp-content\/uploads\/2022\/04\/ThumbPostBlog-3.jpg","datePublished":"2022-05-02T12:00:00+00:00","dateModified":"2022-04-18T15:07:23+00:00","author":{"@id":"https:\/\/rededentz.com.br\/blog\/#\/schema\/person\/33b09e29c6b4089abf6e88b23bb14484"},"description":"Quer aumentar a sua autoestima e cuidar mais de voc\u00ea mesmo? Ent\u00e3o leia esse post e veja seis dicas para deixar o seu sorriso ainda melhor.","breadcrumb":{"@id":"https:\/\/rededentz.com.br\/blog\/seis-dicas-para-aumentar-a-sua-autoestima\/#breadcrumb"},"inLanguage":"pt-BR","potentialAction":[{"@type":"ReadAction","target":["https:\/\/rededentz.com.br\/blog\/seis-dicas-para-aumentar-a-sua-autoestima\/"]}]},{"@type":"ImageObject","inLanguage":"pt-BR","@id":"https:\/\/rededentz.com.br\/blog\/seis-dicas-para-aumentar-a-sua-autoestima\/#primaryimage","url":"https:\/\/rededentz.com.br\/blog\/wp-content\/uploads\/2022\/04\/ThumbPostBlog-3.jpg","contentUrl":"https:\/\/rededentz.com.br\/blog\/wp-content\/uploads\/2022\/04\/ThumbPostBlog-3.jpg","width":752,"height":400,"caption":"Seis Dicas para Aumentar a sua Autoestima"},{"@type":"BreadcrumbList","@id":"https:\/\/rededentz.com.br\/blog\/seis-dicas-para-aumentar-a-sua-autoestima\/#breadcrumb","itemListElement":[{"@type":"ListItem","position":1,"name":"In\u00edcio","item":"https:\/\/rededentz.com.br\/blog\/"},{"@type":"ListItem","position":2,"name":"Seis Dicas para Aumentar a sua Autoestima"}]},{"@type":"WebSite","@id":"https:\/\/rededentz.com.br\/blog\/#website","url":"https:\/\/rededentz.com.br\/blog\/","name":"Blog | Dentz","description":"Os Melhores Dentistas ao seu Alcance","potentialAction":[{"@type":"SearchAction","target":{"@type":"EntryPoint","urlTemplate":"https:\/\/rededentz.com.br\/blog\/?s={search_term_string}"},"query-input":"required name=search_term_string"}],"inLanguage":"pt-BR"},{"@type":"Person","@id":"https:\/\/rededentz.com.br\/blog\/#\/schema\/person\/33b09e29c6b4089abf6e88b23bb14484","name":"Dr. Dentz","url":"https:\/\/rededentz.com.br\/blog\/author\/dentz\/"}]}},"_links":{"self":[{"href":"https:\/\/rededentz.com.br\/blog\/wp-json\/wp\/v2\/posts\/284"}],"collection":[{"href":"https:\/\/rededentz.com.br\/blog\/wp-json\/wp\/v2\/posts"}],"about":[{"href":"https:\/\/rededentz.com.br\/blog\/wp-json\/wp\/v2\/types\/post"}],"author":[{"embeddable":true,"href":"https:\/\/rededentz.com.br\/blog\/wp-json\/wp\/v2\/users\/2"}],"replies":[{"embeddable":true,"href":"https:\/\/rededentz.com.br\/blog\/wp-json\/wp\/v2\/comments?post=284"}],"version-history":[{"count":2,"href":"https:\/\/rededentz.com.br\/blog\/wp-json\/wp\/v2\/posts\/284\/revisions"}],"predecessor-version":[{"id":313,"href":"https:\/\/rededentz.com.br\/blog\/wp-json\/wp\/v2\/posts\/284\/revisions\/313"}],"wp:featuredmedia":[{"embeddable":true,"href":"https:\/\/rededentz.com.br\/blog\/wp-json\/wp\/v2\/media\/286"}],"wp:attachment":[{"href":"https:\/\/rededentz.com.br\/blog\/wp-json\/wp\/v2\/media?parent=284"}],"wp:term":[{"taxonomy":"category","embeddable":true,"href":"https:\/\/rededentz.com.br\/blog\/wp-json\/wp\/v2\/categories?post=284"},{"taxonomy":"post_tag","embeddable":true,"href":"https:\/\/rededentz.com.br\/blog\/wp-json\/wp\/v2\/tags?post=284"}],"curies":[{"name":"wp","href":"https:\/\/api.w.org\/{rel}","templated":true}]}}