{"id":57,"date":"2020-07-28T17:10:29","date_gmt":"2020-07-28T20:10:29","guid":{"rendered":"https:\/\/rededentz1.websiteseguro.com\/blog\/?p=57"},"modified":"2021-05-28T15:15:21","modified_gmt":"2021-05-28T18:15:21","slug":"harmonizacao-orofacial-estetico-e-odontologia","status":"publish","type":"post","link":"https:\/\/rededentz.com.br\/blog\/harmonizacao-orofacial-estetico-e-odontologia\/","title":{"rendered":"Harmoniza\u00e7\u00e3o Orofacial; Est\u00e9tica e Odontologia"},"content":{"rendered":"\n<p style=\"color:#414042\" class=\"has-text-color\" align=\"justify\">Vem c\u00e1 receber um banho de beleza!<br><br>Voc\u00ea sabia que o cirurgi\u00e3o dentista \u00e9 o profissional mais habilitado para realizar os tratamentos de Harmoniza\u00e7\u00e3o Orofacial; Est\u00e9tica e Odontologia? A forma\u00e7\u00e3o do dentista tamb\u00e9m o qualifica como especialista, para o diagn\u00f3stico e tratamento da face (rosto) e cr\u00e2nio do ser humano.<\/p>\n\n\n\n<p style=\"color:#414042\" class=\"has-text-color\" align=\"justify\">Sendo assim, tem sido cada vez mais comum alguns tratamentos de beleza facial serem feitos por dentistas, para termos a simetria e a harmoniza\u00e7\u00e3o que todas e todos n\u00f3s queremos.<br><br>E por que banho de beleza? Porque hoje as cl\u00ednicas odontol\u00f3gicas est\u00e3o equipadas e estruturadas com equipamentos de ponta e alta tecnologia, comandadas pelos melhores profissionais do mercado para realizar os procedimentos de Harmoniza\u00e7\u00e3o Orofacial e Est\u00e9tico que incluem, dentre outros:<\/p>\n\n\n\n<ul style=\"color:#414042\" class=\"has-text-color\" align=\"justify\">\n\t<li>Preenchimento Labial<\/li>\n\t<li>Preenchimento de Olheiras<\/li>\n\t<li>Preenchimento do Bigode Chin\u00eas<\/li>\n\t<li>Preenchimento das Ma\u00e7\u00e3s do Rosto<\/li>\n\t<li>Bichectomia (redu\u00e7\u00e3o do tamanho da bochecha)<\/li>\n\t<li>Cirurgias Buco Maxilo<\/li>\n\t<li>Aplica\u00e7\u00e3o de Botox em 2 e 4 regi\u00f5es<\/li>\n\t<li>E muito outros<\/li>\n<\/ul>\n\n\n\n<h3 class=\"wp-block-heading\">O QUE \u00c9 HARMONIZA\u00c7\u00c3O FACIAL<\/h3>\n\n\n\n<p style=\"color:#414042\" class=\"has-text-color\" align=\"justify\">Harmoniza\u00e7\u00e3o Facial \u00e9 um conjunto de procedimentos est\u00e9ticos, realizados sem a necessidade de cirurgia, com a finalidade de equilibrar o alinhamento e alguns \u00e2ngulos do rosto para restabelecer a harmonia facial. Por n\u00e3o utilizar bisturi, vem ganhando cada vez mais adeptos.<\/p>\n\n\n\n<p style=\"color:#414042\" class=\"has-text-color\" align=\"justify\">Como uma especialidade auxilia a outra, em que casos pode ser aplicada, quais s\u00e3o os cuidados necess\u00e1rios e os benef\u00edcios que produzem? Veja a seguir!<\/p>\n\n\n\n<h3 class=\"wp-block-heading\">TRABALHO EM EQUIPE: COMO A HARMONIZA\u00c7\u00c3O FACIAL (PREENCHIMENTO E APLICA\u00c7\u00c3O DE BOTOX) SE UNIU \u00c0 ODONTOLOGIA<\/h3>\n\n\n\n<p style=\"color:#414042\" class=\"has-text-color\" align=\"justify\">Desde 1981 a harmoniza\u00e7\u00e3o facial n\u00e3o se limita ao uso est\u00e9tico, mas tamb\u00e9m, e com muito sucesso, na odontologia. Mais precisamente, na corre\u00e7\u00e3o e controle de alguns severos problemas bucais com excelentes resultados para os pacientes.<\/p>\n\n\n\n<p style=\"color:#414042\" class=\"has-text-color\" align=\"justify\">EXPLICANDO MELHOR<br><br>A odontologia est\u00e9tica ou dent\u00edstica, como tamb\u00e9m \u00e9 conhecida, tem sido aplicada para o controle do <strong>Bruxismo<\/strong>, condi\u00e7\u00e3o que se caracteriza pelo apertamento ou ranger dos dentes durante o sono e que pode causar dor e amolecimento dos dentes; no <strong>Trismo<\/strong>, que \u00e9 a dificuldade de abrir a boca devido \u00e0 contra\u00e7\u00e3o muscular acentuada, dificultando a mastiga\u00e7\u00e3o, a fala e a higieniza\u00e7\u00e3o dos dentes; na corre\u00e7\u00e3o das <strong>Assimetrias do rosto<\/strong>, que podem causar enxaquecas e fibromialgias, e no <strong>Sorriso Gengival<\/strong>, ao sorrir, o l\u00e1bio superior deve mostrar em torno de tr\u00eas mil\u00edmetros de&nbsp;gengiva, quando a exposi\u00e7\u00e3o \u00e9 maior que isso, chamamos de sorriso gengival.<\/p>\n\n\n\n<p style=\"color:#414042\" class=\"has-text-color\" align=\"justify\">Dentre as \u00e1reas de compet\u00eancia do cirurgi\u00e3o dentista, especialista em harmoniza\u00e7\u00e3o orofacial, enquadram-se o uso da toxina botul\u00ednica <strong>(BOTOX)<\/strong>, preenchedores faciais, agregados leucoplaquet\u00e1rios aut\u00f3logos, (para processos de enxertia \u00f3ssea, regenera\u00e7\u00f5es de tecidos diversos e no preparo facial, pr\u00e9vio, na Harmoniza\u00e7\u00e3o Orofacial), al\u00e9m da realiza\u00e7\u00e3o da lipoplastia facial (bichectomia) \u2013 (redu\u00e7\u00e3o do tamanho das bochechas) cirurgia oral que remove a \u201cbola de Bichat\u201d(ac\u00famulo de gordura encapsulada), para separar os m\u00fasculos mastigat\u00f3rios e auxili\u00e1-los em sua movimenta\u00e7\u00e3o, sustentar as estruturas faciais, al\u00e9m de finalidades enxertivas e de repara\u00e7\u00e3o de defeitos orofaciais.<\/p>\n\n\n\n<p style=\"color:#414042\" class=\"has-text-color\" align=\"justify\">A aplica\u00e7\u00e3o da toxina botul\u00ednica est\u00e1 relacionada igualmente na disfun\u00e7\u00e3o temporormandibular (DTM); em p\u00f3s-operat\u00f3rios cir\u00fargicos; na hipertrofia do m\u00fasculo masseter; no m\u00fasculo temporal e, \u00e0s vezes, no frontal fazendo com que os problemas desapare\u00e7am depois de cerca de cinco dias; em cefal\u00e9ias e redu\u00e7\u00e3o salivar (sialorreia) em pacientes com esclerose lateral amiotr\u00f3fica (ELA).<\/p>\n\n\n\n<p style=\"color:#414042\" class=\"has-text-color\" align=\"justify\">Resumindo, a Harmoniza\u00e7\u00e3o orofacial ou odontologia est\u00e9tica age n\u00e3o apenas para solucionar problemas que afetam a auto-estima, mas, e principalmente, para reabilita\u00e7\u00f5es funcionais da boca. Boa parceria, n\u00e3o \u00e9 mesmo?<\/p>\n\n\n\n<h3 class=\"wp-block-heading\">COMO \u00c9 FEITO O PROCEDIMENTO NOS CASOS MAIS COMUNS:<\/h3>\n\n\n\n<p style=\"color:#414042\" class=\"has-text-color\" align=\"justify\"><a href=\"https:\/\/www.rededentz.com.br\/tratamentos\/estetica\/\" target=\"blank\" rel=\"noopener noreferrer\"><strong style=\"color:#2b11db\">Bruxismo<\/strong><\/a> \u2013 a toxina \u00e9 injetada nos dois lados, no principal m\u00fasculo da mastiga\u00e7\u00e3o diminuindo sua pot\u00eancia e o est\u00edmulo para o bruxismo.\n<br><br>\n<a href=\"https:\/\/www.rededentz.com.br\/tratamentos\/estetica\/\" target=\"blank\" rel=\"noopener noreferrer\"><strong style=\"color:#2b11db\">Sorriso Gengival<\/strong><\/a> &#8211; aplica-se a toxina atrav\u00e9s de uma agulha bem fininha em pontos espec\u00edficos, que resultam no travamento do l\u00e1bio que, assim, n\u00e3o exp\u00f5e a gengiva quando a pessoa sorri.\n<br><br>\n<a href=\"https:\/\/www.rededentz.com.br\/tratamentos\/estetica\/\" target=\"blank\" rel=\"noopener noreferrer\"><strong style=\"color:#2b11db\">Sorriso Assim\u00e9trico<\/strong><\/a> &#8211; a toxina \u00e9 aplicada e entra para o reequil\u00edbrio da musculatura, deixando o \u00e2ngulo de ambos os lados da boca, iguais.\n<br><br>\n<a href=\"https:\/\/www.rededentz.com.br\/tratamentos\/estetica\/\" target=\"blank\" rel=\"noopener noreferrer\"><strong style=\"color:#2b11db\">Trismo<\/strong><\/a> \u2013 a aplica\u00e7\u00e3o da toxina botul\u00ednica para o controle da contratura da musculatura da mastiga\u00e7\u00e3o eliminando a dor causada no paciente.<\/p>\n\n\n\n<h3 class=\"wp-block-heading\">CUIDADOS PR\u00c9 APLICA\u00c7\u00c3O<\/h3>\n\n\n\n<p style=\"color:#414042\" class=\"has-text-color\" align=\"justify\">Antes de partir para o procedimento, \u00e9 feita uma avalia\u00e7\u00e3o das estruturas da face, do sorriso e das arcadas dent\u00e1rias, al\u00e9m das principais queixas do paciente, unindo tratamentos dent\u00e1rios e faciais.<br><br>Por\u00e9m, \u00e9 preciso saber que a toxina botul\u00ednica, por se tratar de uma subst\u00e2ncia introduzida no organismo, algumas condi\u00e7\u00f5es s\u00e3o levadas em considera\u00e7\u00e3o na avalia\u00e7\u00e3o do tratamento.<\/p>\n\n\n\n<p style=\"color:#414042\" class=\"has-text-color\" align=\"justify\"><strong>Fatores que impedem a aplica\u00e7\u00e3o do Botox:<\/strong>\n<br><br>\n<strong>Absolutos:<\/strong> hipersensibilidade \u00e0 subst\u00e2ncia ativa, presen\u00e7a de infec\u00e7\u00e3o no local da aplica\u00e7\u00e3o, durante a gesta\u00e7\u00e3o ou em per\u00edodo de amamenta\u00e7\u00e3o e hipersensibilidade \u00e0 albumina (prote\u00edna da clara do ovo);\n<br><br>\n<strong>Relativos:<\/strong> dist\u00farbios de coagula\u00e7\u00e3o ou uso de anticoagulantes (AAS \u2013 \u00e1cido Acetilsalic\u00edlico), pacientes n\u00e3o colaborativos e outros que o especialista ir\u00e1 avaliar em conjunto.\n<br><br>\nConv\u00e9m ressaltar que para alguns casos, a posi\u00e7\u00e3o correta dos dentes vai influenciar no resultado final na harmoniza\u00e7\u00e3o orofacial, para isso \u00e9 necess\u00e1ria uma avalia\u00e7\u00e3o do dentista para decidir se deve ser usado aparelho ortod\u00f4ntico antes, ou n\u00e3o.<\/p>\n\n\n\n<h3 class=\"wp-block-heading\">CUIDADOS NA P\u00d3S APLICA\u00c7\u00c3O<\/h3>\n\n\n\n<p style=\"color:#414042\" class=\"has-text-color\" align=\"justify\">Por ser um procedimento utilizando agulha, \u00e9 normal um pouco de incha\u00e7o e vermelhid\u00e3o no local, por\u00e9m, o efeito \u00e9 tempor\u00e1rio. Recomenda-se, portanto, usar protetor solar, por\u00e9m, sem se expor ao sol, pois a aplica\u00e7\u00e3o pode gerar hematomas e a exposi\u00e7\u00e3o ao sol provoca manchas, n\u00e3o fazer massagens na \u00e1rea do preenchimento, achando que com isso far\u00e1 passar o incha\u00e7o mais rapidamente, porque al\u00e9m de n\u00e3o ajudar, ir\u00e1 interferir no resultado final da aplica\u00e7\u00e3o; n\u00e3o realizar atividade f\u00edsica por 07 dias e n\u00e3o aplicar nenhuma subst\u00e2ncia no local.<\/p>\n\n\n\n<h3 class=\"wp-block-heading\">DURA\u00c7\u00c3O DO RESULTADO<\/h3>\n\n\n\n<p style=\"color:#414042\" class=\"has-text-color\" align=\"justify\">O efeito desejado\/esperado n\u00e3o ocorre de imediato. A toxina vai agindo aos poucos e atinge seu ponto m\u00e1ximo em 1 m\u00eas, mais ou menos. A dura\u00e7\u00e3o do resultado gira em torno de 6 meses, em m\u00e9dia, quando ent\u00e3o se recomenda a reaplica\u00e7\u00e3o.<\/p>\n\n\n\n<h3 class=\"wp-block-heading\">E POR QUE O EFEITO PASSA T\u00c3O R\u00c1PIDO?<\/h3>\n\n\n\n<p style=\"color:#414042\" class=\"has-text-color\" align=\"justify\">A toxina botul\u00ednica (Botox) causa uma suave paralisia aonde \u00e9 injetada. Ela ent\u00e3o&nbsp;bloqueia o&nbsp;sinal que o nervo manda para o m\u00fasculo contrair. Com o tempo, o nervo vai mandando mais est\u00edmulos para o m\u00fasculo contrair novamente e, depois de 4 a 6 meses, esses est\u00edmulos vencem o bloqueio da toxina e a musculatura volta ao normal.<\/p>\n\n\n\n<h3 class=\"wp-block-heading\">BENEF\u00cdCIOS<\/h3>\n\n\n\n<p style=\"color:#414042\" class=\"has-text-color\" align=\"justify\">No geral, a harmoniza\u00e7\u00e3o facial que antes era indicada para suaviza\u00e7\u00e3o de rugas e marcas de express\u00e3o, tamb\u00e9m assume um papel fundamental como grande aliada na odontologia, devolvendo a auto-estima na corre\u00e7\u00e3o de problemas est\u00e9ticos e corrigindo falhas que muitas vezes causam dor e desconforto bucal, interferindo na qualidade de vida das pessoas.<\/p>\n\n\n\n<h3 class=\"wp-block-heading\">QUANTO PODE CUSTAR UM TRATAMENTO PARA HARMONIZA\u00c7\u00c3O OROFACIAL<\/h3>\n\n\n\n<p style=\"color:#414042\" class=\"has-text-color\" align=\"justify\">Vale dizer, que a aplica\u00e7\u00e3o do botox e o preenchimento labial, de olheira e ma\u00e7\u00e3s do rosto, trazem um resultado r\u00e1pido, muito positivo e satisfat\u00f3rio, com a vantagem de ser menos invasivo que uma cirurgia.<\/p>\n\n\n\n<p style=\"color:#414042\" class=\"has-text-color\" align=\"justify\">Em rela\u00e7\u00e3o a valores, podemos dizer que, em m\u00e9dia, para os procedimentos de aplica\u00e7\u00e3o de botox e preenchimento, custam entre R$999,00 a R$1.599,00.<br><br>J\u00e1 uma cirurgia, al\u00e9m de invasiva, pode custar de 20 a 30 vezes esse valor, sem contar os custos hospitalares e p\u00f3s cir\u00fargicos!<br><br>Um especialista na \u00e1rea de odontologia deve ser sempre consultado para a melhor orienta\u00e7\u00e3o e diagn\u00f3stico do caso para definir se o problema \u00e9 patol\u00f3gico, traum\u00e1tico ou gen\u00e9tico, o procedimento adequado e qual a melhor t\u00e9cnica a ser empregada.<\/p>\n\n\n\n<!-- Agende -->\n    <div id=\"boxagendar\">\n        <div class=\"container\">\n            <div class=\"row\">\n                <div class=\"col-md-8\">\n                    <div class=\"message-box\"><!-- Texto -->\n                        <h2 style=\"padding-bottom:1px;\"><b class=\"bwhite\" style=\"font-size: 25px;\">Aproveite e agende agora sua avalia\u00e7\u00e3o!<\/b><\/h2>\n                        <p class=\"bwhite\">Clique no bot\u00e3o <i>Agendar Avalia\u00e7\u00e3o<\/i> e garanta sua pr\u00e9-reserva de hor\u00e1rio ainda hoje<\/p>\n                    <\/div><!-- Fim Texto -->\n                <\/div>\n            <\/div>\n        <\/div>\n    <\/div>\n    <!-- Agende -->\n\n\n\n<a href=\"https:\/\/www.rededentz.com.br\/agende-sua-avaliacao\/\" class=\"btn btn-light btn-brd grd1 btn-block\">Agendar Avalia\u00e7\u00e3o<\/a>\n","protected":false},"excerpt":{"rendered":"Voc\u00ea sabia que o cirurgi\u00e3o dentista \u00e9 o profissional mais habilitado para realizar os tratamentos de Harmoniza\u00e7\u00e3o Orofacial, Est\u00e9tico e Odontologia?\n<a class=\"moretag\" href=\"https:\/\/rededentz.com.br\/blog\/harmonizacao-orofacial-estetico-e-odontologia\/\"> [...]<\/a>","protected":false},"author":2,"featured_media":59,"comment_status":"closed","ping_status":"open","sticky":false,"template":"","format":"standard","meta":{"_monsterinsights_skip_tracking":false,"_monsterinsights_sitenote_active":false,"_monsterinsights_sitenote_note":"","_monsterinsights_sitenote_category":0,"footnotes":""},"categories":[8],"tags":[],"yoast_head":"<!-- This site is optimized with the Yoast SEO plugin v22.8 - https:\/\/yoast.com\/wordpress\/plugins\/seo\/ -->\n<title>Harmoniza\u00e7\u00e3o Orofacial; Est\u00e9tica e Odontologia - Blog | Dentz<\/title>\n<meta name=\"description\" content=\"Sabia que o cirurgi\u00e3o dentista \u00e9 o profissional mais habilitado para os tratamentos de Harmoniza\u00e7\u00e3o Orofacial; Est\u00e9tica e Odontologia?\" \/>\n<meta name=\"robots\" content=\"index, follow, max-snippet:-1, max-image-preview:large, max-video-preview:-1\" \/>\n<link rel=\"canonical\" href=\"https:\/\/rededentz.com.br\/blog\/harmonizacao-orofacial-estetico-e-odontologia\/\" \/>\n<meta property=\"og:locale\" content=\"pt_BR\" \/>\n<meta property=\"og:type\" content=\"article\" \/>\n<meta property=\"og:title\" content=\"Harmoniza\u00e7\u00e3o Orofacial; Est\u00e9tica e Odontologia - Blog | Dentz\" \/>\n<meta property=\"og:description\" content=\"Sabia que o cirurgi\u00e3o dentista \u00e9 o profissional mais habilitado para os tratamentos de Harmoniza\u00e7\u00e3o Orofacial; Est\u00e9tica e Odontologia?\" \/>\n<meta property=\"og:url\" content=\"https:\/\/rededentz.com.br\/blog\/harmonizacao-orofacial-estetico-e-odontologia\/\" \/>\n<meta property=\"og:site_name\" content=\"Blog | Dentz\" \/>\n<meta property=\"article:published_time\" content=\"2020-07-28T20:10:29+00:00\" \/>\n<meta property=\"article:modified_time\" content=\"2021-05-28T18:15:21+00:00\" \/>\n<meta property=\"og:image\" content=\"https:\/\/rededentz.com.br\/blog\/wp-content\/uploads\/2020\/07\/Dentz-Harmonizacao-Orofacial-Estetico-E-Odontologia.jpg\" \/>\n\t<meta property=\"og:image:width\" content=\"752\" \/>\n\t<meta property=\"og:image:height\" content=\"400\" \/>\n\t<meta property=\"og:image:type\" content=\"image\/jpeg\" \/>\n<meta name=\"author\" content=\"Dr. Dentz\" \/>\n<meta name=\"twitter:card\" content=\"summary_large_image\" \/>\n<meta name=\"twitter:label1\" content=\"Escrito por\" \/>\n\t<meta name=\"twitter:data1\" content=\"Dr. Dentz\" \/>\n\t<meta name=\"twitter:label2\" content=\"Est. tempo de leitura\" \/>\n\t<meta name=\"twitter:data2\" content=\"6 minutos\" \/>\n<script type=\"application\/ld+json\" class=\"yoast-schema-graph\">{\"@context\":\"https:\/\/schema.org\",\"@graph\":[{\"@type\":\"WebPage\",\"@id\":\"https:\/\/rededentz.com.br\/blog\/harmonizacao-orofacial-estetico-e-odontologia\/\",\"url\":\"https:\/\/rededentz.com.br\/blog\/harmonizacao-orofacial-estetico-e-odontologia\/\",\"name\":\"Harmoniza\u00e7\u00e3o Orofacial; Est\u00e9tica e Odontologia - Blog | Dentz\",\"isPartOf\":{\"@id\":\"https:\/\/rededentz.com.br\/blog\/#website\"},\"primaryImageOfPage\":{\"@id\":\"https:\/\/rededentz.com.br\/blog\/harmonizacao-orofacial-estetico-e-odontologia\/#primaryimage\"},\"image\":{\"@id\":\"https:\/\/rededentz.com.br\/blog\/harmonizacao-orofacial-estetico-e-odontologia\/#primaryimage\"},\"thumbnailUrl\":\"https:\/\/rededentz.com.br\/blog\/wp-content\/uploads\/2020\/07\/Dentz-Harmonizacao-Orofacial-Estetico-E-Odontologia.jpg\",\"datePublished\":\"2020-07-28T20:10:29+00:00\",\"dateModified\":\"2021-05-28T18:15:21+00:00\",\"author\":{\"@id\":\"https:\/\/rededentz.com.br\/blog\/#\/schema\/person\/33b09e29c6b4089abf6e88b23bb14484\"},\"description\":\"Sabia que o cirurgi\u00e3o dentista \u00e9 o profissional mais habilitado para os tratamentos de Harmoniza\u00e7\u00e3o Orofacial; Est\u00e9tica e Odontologia?\",\"breadcrumb\":{\"@id\":\"https:\/\/rededentz.com.br\/blog\/harmonizacao-orofacial-estetico-e-odontologia\/#breadcrumb\"},\"inLanguage\":\"pt-BR\",\"potentialAction\":[{\"@type\":\"ReadAction\",\"target\":[\"https:\/\/rededentz.com.br\/blog\/harmonizacao-orofacial-estetico-e-odontologia\/\"]}]},{\"@type\":\"ImageObject\",\"inLanguage\":\"pt-BR\",\"@id\":\"https:\/\/rededentz.com.br\/blog\/harmonizacao-orofacial-estetico-e-odontologia\/#primaryimage\",\"url\":\"https:\/\/rededentz.com.br\/blog\/wp-content\/uploads\/2020\/07\/Dentz-Harmonizacao-Orofacial-Estetico-E-Odontologia.jpg\",\"contentUrl\":\"https:\/\/rededentz.com.br\/blog\/wp-content\/uploads\/2020\/07\/Dentz-Harmonizacao-Orofacial-Estetico-E-Odontologia.jpg\",\"width\":752,\"height\":400,\"caption\":\"Harmoniza\u00e7\u00e3o Orofacial Est\u00e9tico e Odontologia\"},{\"@type\":\"BreadcrumbList\",\"@id\":\"https:\/\/rededentz.com.br\/blog\/harmonizacao-orofacial-estetico-e-odontologia\/#breadcrumb\",\"itemListElement\":[{\"@type\":\"ListItem\",\"position\":1,\"name\":\"In\u00edcio\",\"item\":\"https:\/\/rededentz.com.br\/blog\/\"},{\"@type\":\"ListItem\",\"position\":2,\"name\":\"Harmoniza\u00e7\u00e3o Orofacial; Est\u00e9tica e Odontologia\"}]},{\"@type\":\"WebSite\",\"@id\":\"https:\/\/rededentz.com.br\/blog\/#website\",\"url\":\"https:\/\/rededentz.com.br\/blog\/\",\"name\":\"Blog | Dentz\",\"description\":\"Os Melhores Dentistas ao seu Alcance\",\"potentialAction\":[{\"@type\":\"SearchAction\",\"target\":{\"@type\":\"EntryPoint\",\"urlTemplate\":\"https:\/\/rededentz.com.br\/blog\/?s={search_term_string}\"},\"query-input\":\"required name=search_term_string\"}],\"inLanguage\":\"pt-BR\"},{\"@type\":\"Person\",\"@id\":\"https:\/\/rededentz.com.br\/blog\/#\/schema\/person\/33b09e29c6b4089abf6e88b23bb14484\",\"name\":\"Dr. Dentz\",\"url\":\"https:\/\/rededentz.com.br\/blog\/author\/dentz\/\"}]}<\/script>\n<!-- \/ Yoast SEO plugin. -->","yoast_head_json":{"title":"Harmoniza\u00e7\u00e3o Orofacial; Est\u00e9tica e Odontologia - Blog | Dentz","description":"Sabia que o cirurgi\u00e3o dentista \u00e9 o profissional mais habilitado para os tratamentos de Harmoniza\u00e7\u00e3o Orofacial; Est\u00e9tica e Odontologia?","robots":{"index":"index","follow":"follow","max-snippet":"max-snippet:-1","max-image-preview":"max-image-preview:large","max-video-preview":"max-video-preview:-1"},"canonical":"https:\/\/rededentz.com.br\/blog\/harmonizacao-orofacial-estetico-e-odontologia\/","og_locale":"pt_BR","og_type":"article","og_title":"Harmoniza\u00e7\u00e3o Orofacial; Est\u00e9tica e Odontologia - Blog | Dentz","og_description":"Sabia que o cirurgi\u00e3o dentista \u00e9 o profissional mais habilitado para os tratamentos de Harmoniza\u00e7\u00e3o Orofacial; Est\u00e9tica e Odontologia?","og_url":"https:\/\/rededentz.com.br\/blog\/harmonizacao-orofacial-estetico-e-odontologia\/","og_site_name":"Blog | Dentz","article_published_time":"2020-07-28T20:10:29+00:00","article_modified_time":"2021-05-28T18:15:21+00:00","og_image":[{"width":752,"height":400,"url":"https:\/\/rededentz.com.br\/blog\/wp-content\/uploads\/2020\/07\/Dentz-Harmonizacao-Orofacial-Estetico-E-Odontologia.jpg","type":"image\/jpeg"}],"author":"Dr. Dentz","twitter_card":"summary_large_image","twitter_misc":{"Escrito por":"Dr. Dentz","Est. tempo de leitura":"6 minutos"},"schema":{"@context":"https:\/\/schema.org","@graph":[{"@type":"WebPage","@id":"https:\/\/rededentz.com.br\/blog\/harmonizacao-orofacial-estetico-e-odontologia\/","url":"https:\/\/rededentz.com.br\/blog\/harmonizacao-orofacial-estetico-e-odontologia\/","name":"Harmoniza\u00e7\u00e3o Orofacial; Est\u00e9tica e Odontologia - Blog | Dentz","isPartOf":{"@id":"https:\/\/rededentz.com.br\/blog\/#website"},"primaryImageOfPage":{"@id":"https:\/\/rededentz.com.br\/blog\/harmonizacao-orofacial-estetico-e-odontologia\/#primaryimage"},"image":{"@id":"https:\/\/rededentz.com.br\/blog\/harmonizacao-orofacial-estetico-e-odontologia\/#primaryimage"},"thumbnailUrl":"https:\/\/rededentz.com.br\/blog\/wp-content\/uploads\/2020\/07\/Dentz-Harmonizacao-Orofacial-Estetico-E-Odontologia.jpg","datePublished":"2020-07-28T20:10:29+00:00","dateModified":"2021-05-28T18:15:21+00:00","author":{"@id":"https:\/\/rededentz.com.br\/blog\/#\/schema\/person\/33b09e29c6b4089abf6e88b23bb14484"},"description":"Sabia que o cirurgi\u00e3o dentista \u00e9 o profissional mais habilitado para os tratamentos de Harmoniza\u00e7\u00e3o Orofacial; Est\u00e9tica e Odontologia?","breadcrumb":{"@id":"https:\/\/rededentz.com.br\/blog\/harmonizacao-orofacial-estetico-e-odontologia\/#breadcrumb"},"inLanguage":"pt-BR","potentialAction":[{"@type":"ReadAction","target":["https:\/\/rededentz.com.br\/blog\/harmonizacao-orofacial-estetico-e-odontologia\/"]}]},{"@type":"ImageObject","inLanguage":"pt-BR","@id":"https:\/\/rededentz.com.br\/blog\/harmonizacao-orofacial-estetico-e-odontologia\/#primaryimage","url":"https:\/\/rededentz.com.br\/blog\/wp-content\/uploads\/2020\/07\/Dentz-Harmonizacao-Orofacial-Estetico-E-Odontologia.jpg","contentUrl":"https:\/\/rededentz.com.br\/blog\/wp-content\/uploads\/2020\/07\/Dentz-Harmonizacao-Orofacial-Estetico-E-Odontologia.jpg","width":752,"height":400,"caption":"Harmoniza\u00e7\u00e3o Orofacial Est\u00e9tico e Odontologia"},{"@type":"BreadcrumbList","@id":"https:\/\/rededentz.com.br\/blog\/harmonizacao-orofacial-estetico-e-odontologia\/#breadcrumb","itemListElement":[{"@type":"ListItem","position":1,"name":"In\u00edcio","item":"https:\/\/rededentz.com.br\/blog\/"},{"@type":"ListItem","position":2,"name":"Harmoniza\u00e7\u00e3o Orofacial; Est\u00e9tica e Odontologia"}]},{"@type":"WebSite","@id":"https:\/\/rededentz.com.br\/blog\/#website","url":"https:\/\/rededentz.com.br\/blog\/","name":"Blog | Dentz","description":"Os Melhores Dentistas ao seu Alcance","potentialAction":[{"@type":"SearchAction","target":{"@type":"EntryPoint","urlTemplate":"https:\/\/rededentz.com.br\/blog\/?s={search_term_string}"},"query-input":"required name=search_term_string"}],"inLanguage":"pt-BR"},{"@type":"Person","@id":"https:\/\/rededentz.com.br\/blog\/#\/schema\/person\/33b09e29c6b4089abf6e88b23bb14484","name":"Dr. Dentz","url":"https:\/\/rededentz.com.br\/blog\/author\/dentz\/"}]}},"_links":{"self":[{"href":"https:\/\/rededentz.com.br\/blog\/wp-json\/wp\/v2\/posts\/57"}],"collection":[{"href":"https:\/\/rededentz.com.br\/blog\/wp-json\/wp\/v2\/posts"}],"about":[{"href":"https:\/\/rededentz.com.br\/blog\/wp-json\/wp\/v2\/types\/post"}],"author":[{"embeddable":true,"href":"https:\/\/rededentz.com.br\/blog\/wp-json\/wp\/v2\/users\/2"}],"replies":[{"embeddable":true,"href":"https:\/\/rededentz.com.br\/blog\/wp-json\/wp\/v2\/comments?post=57"}],"version-history":[{"count":5,"href":"https:\/\/rededentz.com.br\/blog\/wp-json\/wp\/v2\/posts\/57\/revisions"}],"predecessor-version":[{"id":79,"href":"https:\/\/rededentz.com.br\/blog\/wp-json\/wp\/v2\/posts\/57\/revisions\/79"}],"wp:featuredmedia":[{"embeddable":true,"href":"https:\/\/rededentz.com.br\/blog\/wp-json\/wp\/v2\/media\/59"}],"wp:attachment":[{"href":"https:\/\/rededentz.com.br\/blog\/wp-json\/wp\/v2\/media?parent=57"}],"wp:term":[{"taxonomy":"category","embeddable":true,"href":"https:\/\/rededentz.com.br\/blog\/wp-json\/wp\/v2\/categories?post=57"},{"taxonomy":"post_tag","embeddable":true,"href":"https:\/\/rededentz.com.br\/blog\/wp-json\/wp\/v2\/tags?post=57"}],"curies":[{"name":"wp","href":"https:\/\/api.w.org\/{rel}","templated":true}]}}